{"id":1117,"date":"2024-04-04T11:25:19","date_gmt":"2024-04-04T11:25:19","guid":{"rendered":"http:\/\/www.ivad.hu\/2016\/?p=1117"},"modified":"2024-04-24T11:48:59","modified_gmt":"2024-04-24T11:48:59","slug":"valasztasi-informaciok-jelolteknek","status":"publish","type":"post","link":"http:\/\/www.ivad.hu\/2016\/?p=1117","title":{"rendered":"V\u00e1laszt\u00e1si inform\u00e1ci\u00f3k &#8211; jel\u00f6lteknek"},"content":{"rendered":"\n<p><a href=\"http:\/\/www.ivad.hu\/2016\/wp-content\/uploads\/2023\/01\/Ivad-ajanlasok-szama-kozlemeny.pdf\" target=\"_blank\" rel=\"noreferrer noopener\">K\u00f6zlem\u00e9ny az aj\u00e1nl\u00e1sok sz\u00e1m\u00e1r\u00f3l<\/a> (Iv\u00e1d k\u00f6zs\u00e9g)<\/p>\n\n\n\n<p>A <strong>polg\u00e1rmester <\/strong>jel\u00f6lt \u00e1ll\u00edt\u00e1s\u00e1hoz sz\u00fcks\u00e9ges aj\u00e1nl\u00e1sok sz\u00e1ma Iv\u00e1don: <strong>9 f\u0151<\/strong><br>Az <strong>egy\u00e9ni list\u00e1s<\/strong> jel\u00f6lt\u00e1ll\u00edt\u00e1shoz, k\u00e9pvisel\u0151 jel\u00f6lts\u00e9ghez sz\u00fcks\u00e9ges aj\u00e1nl\u00e1sok sz\u00e1ma Iv\u00e1don: <strong>3 f\u0151<\/strong><\/p>\n\n\n\n<p>(Az aj\u00e1nl\u00f3\u00edv ig\u00e9nyl\u00e9s sor\u00e1n a darabsz\u00e1m meghat\u00e1roz\u00e1s\u00e1n\u00e1l legyen tekintettel arra, hogy <strong>egy aj\u00e1nl\u00f3\u00edv nyolc szem\u00e9ly r\u00e9sz\u00e9re biztos\u00edt lehet\u0151s\u00e9get<\/strong> az aj\u00e1nl\u00e1sra.)<\/p>\n\n\n\n<p class=\"has-pale-ocean-gradient-background has-background\"><a href=\"https:\/\/www.valasztas.hu\/documents\/20182\/6213274\/A4.pdf\/6e3150f8-5393-d252-7316-2c5cc29786fe?version=2.0&amp;t=1710430673316\">Aj\u00e1nl\u00f3\u00edv ig\u00e9nyl\u00e9se nyomtatv\u00e1ny<\/a> (A4)<br><br><a href=\"https:\/\/vtr.valasztas.hu\/onk2024\/valasztopolgaroknak\/varmegyek-telepulesek\/varmegyek\/10\/telepulesek\/053?tab=candidates&amp;filter=mayor\" target=\"_blank\" rel=\"noreferrer noopener\">Nyilv\u00e1ntart\u00e1sba vett polg\u00e1rmester jel\u00f6ltek ><\/a><br><br><a href=\"https:\/\/vtr.valasztas.hu\/onk2024\/valasztopolgaroknak\/varmegyek-telepulesek\/varmegyek\/10\/telepulesek\/053?tab=candidates&amp;filter=individual-list\" target=\"_blank\" rel=\"noreferrer noopener\">Nyilv\u00e1ntart\u00e1sba vett egy\u00e9ni k\u00e9pvisel\u0151 jel\u00f6ltek ><\/a><\/p>\n","protected":false},"excerpt":{"rendered":"<p>K\u00f6zlem\u00e9ny az aj\u00e1nl\u00e1sok sz\u00e1m\u00e1r\u00f3l (Iv\u00e1d k\u00f6zs\u00e9g) A polg\u00e1rmester jel\u00f6lt \u00e1ll\u00edt\u00e1s\u00e1hoz sz\u00fcks\u00e9ges aj\u00e1nl\u00e1sok sz\u00e1ma Iv\u00e1don: 9 f\u0151Az egy\u00e9ni list\u00e1s jel\u00f6lt\u00e1ll\u00edt\u00e1shoz, k\u00e9pvisel\u0151 jel\u00f6lts\u00e9ghez sz\u00fcks\u00e9ges aj\u00e1nl\u00e1sok sz\u00e1ma Iv\u00e1don: 3 f\u0151 (Az aj\u00e1nl\u00f3\u00edv ig\u00e9nyl\u00e9s sor\u00e1n a darabsz\u00e1m meghat\u00e1roz\u00e1s\u00e1n\u00e1l legyen tekintettel arra, hogy egy aj\u00e1nl\u00f3\u00edv nyolc szem\u00e9ly r\u00e9sz\u00e9re biztos\u00edt lehet\u0151s\u00e9get az aj\u00e1nl\u00e1sra.) Aj\u00e1nl\u00f3\u00edv ig\u00e9nyl\u00e9se nyomtatv\u00e1ny (A4) Nyilv\u00e1ntart\u00e1sba vett polg\u00e1rmester jel\u00f6ltek [&hellip;]<\/p>\n","protected":false},"author":1,"featured_media":1119,"comment_status":"open","ping_status":"open","sticky":true,"template":"","format":"standard","meta":{"footnotes":""},"categories":[3,59],"tags":[61,46,13],"_links":{"self":[{"href":"http:\/\/www.ivad.hu\/2016\/index.php?rest_route=\/wp\/v2\/posts\/1117"}],"collection":[{"href":"http:\/\/www.ivad.hu\/2016\/index.php?rest_route=\/wp\/v2\/posts"}],"about":[{"href":"http:\/\/www.ivad.hu\/2016\/index.php?rest_route=\/wp\/v2\/types\/post"}],"author":[{"embeddable":true,"href":"http:\/\/www.ivad.hu\/2016\/index.php?rest_route=\/wp\/v2\/users\/1"}],"replies":[{"embeddable":true,"href":"http:\/\/www.ivad.hu\/2016\/index.php?rest_route=%2Fwp%2Fv2%2Fcomments&post=1117"}],"version-history":[{"count":2,"href":"http:\/\/www.ivad.hu\/2016\/index.php?rest_route=\/wp\/v2\/posts\/1117\/revisions"}],"predecessor-version":[{"id":1128,"href":"http:\/\/www.ivad.hu\/2016\/index.php?rest_route=\/wp\/v2\/posts\/1117\/revisions\/1128"}],"wp:featuredmedia":[{"embeddable":true,"href":"http:\/\/www.ivad.hu\/2016\/index.php?rest_route=\/wp\/v2\/media\/1119"}],"wp:attachment":[{"href":"http:\/\/www.ivad.hu\/2016\/index.php?rest_route=%2Fwp%2Fv2%2Fmedia&parent=1117"}],"wp:term":[{"taxonomy":"category","embeddable":true,"href":"http:\/\/www.ivad.hu\/2016\/index.php?rest_route=%2Fwp%2Fv2%2Fcategories&post=1117"},{"taxonomy":"post_tag","embeddable":true,"href":"http:\/\/www.ivad.hu\/2016\/index.php?rest_route=%2Fwp%2Fv2%2Ftags&post=1117"}],"curies":[{"name":"wp","href":"https:\/\/api.w.org\/{rel}","templated":true}]}}