{"id":161,"date":"2016-05-23T06:31:01","date_gmt":"2016-05-23T06:31:01","guid":{"rendered":"http:\/\/www.ivad.hu\/2016\/?p=161"},"modified":"2016-05-23T06:31:01","modified_gmt":"2016-05-23T06:31:01","slug":"kozmeghallgatas","status":"publish","type":"post","link":"http:\/\/www.ivad.hu\/2016\/?p=161","title":{"rendered":"K\u00f6zmeghallgat\u00e1s"},"content":{"rendered":"<p>Iv\u00e1d K\u00f6zs\u00e9gi \u00d6nkorm\u00e1nyzat k\u00e9pvisel\u0151 test\u00fclete 2016.05.25-\u00e9n du. 16.00 \u00f3rakor a M\u0171vel\u0151d\u00e9si H\u00e1zban (3248 Iv\u00e1d, D\u00f3zsa \u00fat 2.) <span style=\"text-decoration: underline;\"><strong><span style=\"color: #ff0000; text-decoration: underline;\">K\u00f6zmeghallgat\u00e1st tart.<\/span> <\/strong><\/span><\/p>\n<p><strong>Napirendi pontok:<\/strong><\/p>\n<ol>\n<li>Valyon L\u00e1szl\u00f3 polg\u00e1rmester besz\u00e1mol\u00f3ja az \u00f6nkorm\u00e1nyzat 2015. \u00e9vi munk\u00e1j\u00e1r\u00f3l.<\/li>\n<li>T\u00e1j\u00e9koztat\u00e1s az \u00f6nkorm\u00e1nyzat r\u00f6vidt\u00e1v\u00fa terveir\u0151l.<\/li>\n<li>G\u00e1sp\u00e1r Istv\u00e1n falugondnok besz\u00e1mol\u00f3ja a 2015. \u00e9vi munk\u00e1j\u00e1r\u00f3l.<\/li>\n<li>K\u00e9rd\u00e9sek, interpell\u00e1ci\u00f3k.<\/li>\n<\/ol>\n","protected":false},"excerpt":{"rendered":"<p>Iv\u00e1d K\u00f6zs\u00e9gi \u00d6nkorm\u00e1nyzat k\u00e9pvisel\u0151 test\u00fclete 2016.05.25-\u00e9n du. 16.00 \u00f3rakor a M\u0171vel\u0151d\u00e9si H\u00e1zban (3248 Iv\u00e1d, D\u00f3zsa \u00fat 2.) K\u00f6zmeghallgat\u00e1st tart. Napirendi pontok: Valyon L\u00e1szl\u00f3 polg\u00e1rmester besz\u00e1mol\u00f3ja az \u00f6nkorm\u00e1nyzat 2015. \u00e9vi munk\u00e1j\u00e1r\u00f3l. T\u00e1j\u00e9koztat\u00e1s az \u00f6nkorm\u00e1nyzat r\u00f6vidt\u00e1v\u00fa terveir\u0151l. G\u00e1sp\u00e1r Istv\u00e1n falugondnok besz\u00e1mol\u00f3ja a 2015. \u00e9vi munk\u00e1j\u00e1r\u00f3l. K\u00e9rd\u00e9sek, interpell\u00e1ci\u00f3k.<\/p>\n","protected":false},"author":1,"featured_media":162,"comment_status":"open","ping_status":"open","sticky":false,"template":"","format":"standard","meta":{"footnotes":""},"categories":[3,5],"tags":[17,10,9],"_links":{"self":[{"href":"http:\/\/www.ivad.hu\/2016\/index.php?rest_route=\/wp\/v2\/posts\/161"}],"collection":[{"href":"http:\/\/www.ivad.hu\/2016\/index.php?rest_route=\/wp\/v2\/posts"}],"about":[{"href":"http:\/\/www.ivad.hu\/2016\/index.php?rest_route=\/wp\/v2\/types\/post"}],"author":[{"embeddable":true,"href":"http:\/\/www.ivad.hu\/2016\/index.php?rest_route=\/wp\/v2\/users\/1"}],"replies":[{"embeddable":true,"href":"http:\/\/www.ivad.hu\/2016\/index.php?rest_route=%2Fwp%2Fv2%2Fcomments&post=161"}],"version-history":[{"count":1,"href":"http:\/\/www.ivad.hu\/2016\/index.php?rest_route=\/wp\/v2\/posts\/161\/revisions"}],"predecessor-version":[{"id":163,"href":"http:\/\/www.ivad.hu\/2016\/index.php?rest_route=\/wp\/v2\/posts\/161\/revisions\/163"}],"wp:featuredmedia":[{"embeddable":true,"href":"http:\/\/www.ivad.hu\/2016\/index.php?rest_route=\/wp\/v2\/media\/162"}],"wp:attachment":[{"href":"http:\/\/www.ivad.hu\/2016\/index.php?rest_route=%2Fwp%2Fv2%2Fmedia&parent=161"}],"wp:term":[{"taxonomy":"category","embeddable":true,"href":"http:\/\/www.ivad.hu\/2016\/index.php?rest_route=%2Fwp%2Fv2%2Fcategories&post=161"},{"taxonomy":"post_tag","embeddable":true,"href":"http:\/\/www.ivad.hu\/2016\/index.php?rest_route=%2Fwp%2Fv2%2Ftags&post=161"}],"curies":[{"name":"wp","href":"https:\/\/api.w.org\/{rel}","templated":true}]}}