{"id":48,"date":"2015-10-10T12:06:57","date_gmt":"2015-10-10T12:06:57","guid":{"rendered":"http:\/\/www.ivad.hu\/2016\/?p=48"},"modified":"2016-04-11T07:22:36","modified_gmt":"2016-04-11T07:22:36","slug":"meghivo-oktober-23-ai-unnepseg","status":"publish","type":"post","link":"http:\/\/www.ivad.hu\/2016\/?p=48","title":{"rendered":"Megh\u00edv\u00f3 &#8211;  okt\u00f3ber 23-ai \u00fcnneps\u00e9g"},"content":{"rendered":"<p>Tisztelettel megh\u00edvom \u00d6nt \u00e9s kedves Csal\u00e1dj\u00e1t az 1956-os forradalom 59. \u00e9vfordul\u00f3j\u00e1ra, valamint \u00f6nkorm\u00e1nyzatunk alakul\u00e1s\u00e1nak 25. \u00e9vfordul\u00f3ja alkalm\u00e1b\u00f3l rendezett<\/p>\n<p>\u00dcNNEPI MEGEML\u00c9KEZ\u00c9SRE.<\/p>\n<p><u>Helye:<\/u> M\u0171vel\u0151d\u00e9si h\u00e1z, okt\u00f3ber 23. 10 \u00f3ra<\/p>\n<p><u>\u00dcnnepi m\u0171sor:<\/u><\/p>\n<ul>\n<li>Valyon L\u00e1szl\u00f3 polg\u00e1rmester megeml\u00e9kez\u00e9se<\/li>\n<li>Irodalmi m\u0171sor a p\u00e9terv\u00e1s\u00e1rai szakiskola di\u00e1kjainak k\u00f6zrem\u0171k\u00f6d\u00e9s\u00e9vel<\/li>\n<\/ul>\n<p>Szeretettel v\u00e1runk minden \u00e9rdekl\u0151d\u0151t \u00e9s eml\u00e9kezni v\u00e1gy\u00f3t!<\/p>\n<p>Valyon L\u00e1szl\u00f3<br \/>\npolg\u00e1rmester<\/p>\n","protected":false},"excerpt":{"rendered":"<p>Tisztelettel megh\u00edvom \u00d6nt \u00e9s kedves Csal\u00e1dj\u00e1t az 1956-os forradalom 59. \u00e9vfordul\u00f3j\u00e1ra, valamint \u00f6nkorm\u00e1nyzatunk alakul\u00e1s\u00e1nak 25. \u00e9vfordul\u00f3ja alkalm\u00e1b\u00f3l rendezett \u00dcNNEPI MEGEML\u00c9KEZ\u00c9SRE. Helye: M\u0171vel\u0151d\u00e9si h\u00e1z, okt\u00f3ber 23. 10 \u00f3ra \u00dcnnepi m\u0171sor: Valyon L\u00e1szl\u00f3 polg\u00e1rmester megeml\u00e9kez\u00e9se Irodalmi m\u0171sor a p\u00e9terv\u00e1s\u00e1rai szakiskola di\u00e1kjainak k\u00f6zrem\u0171k\u00f6d\u00e9s\u00e9vel Szeretettel v\u00e1runk minden \u00e9rdekl\u0151d\u0151t \u00e9s eml\u00e9kezni v\u00e1gy\u00f3t! Valyon L\u00e1szl\u00f3 polg\u00e1rmester<\/p>\n","protected":false},"author":1,"featured_media":50,"comment_status":"open","ping_status":"open","sticky":false,"template":"","format":"standard","meta":{"footnotes":""},"categories":[3],"tags":[7,10,9],"_links":{"self":[{"href":"http:\/\/www.ivad.hu\/2016\/index.php?rest_route=\/wp\/v2\/posts\/48"}],"collection":[{"href":"http:\/\/www.ivad.hu\/2016\/index.php?rest_route=\/wp\/v2\/posts"}],"about":[{"href":"http:\/\/www.ivad.hu\/2016\/index.php?rest_route=\/wp\/v2\/types\/post"}],"author":[{"embeddable":true,"href":"http:\/\/www.ivad.hu\/2016\/index.php?rest_route=\/wp\/v2\/users\/1"}],"replies":[{"embeddable":true,"href":"http:\/\/www.ivad.hu\/2016\/index.php?rest_route=%2Fwp%2Fv2%2Fcomments&post=48"}],"version-history":[{"count":1,"href":"http:\/\/www.ivad.hu\/2016\/index.php?rest_route=\/wp\/v2\/posts\/48\/revisions"}],"predecessor-version":[{"id":49,"href":"http:\/\/www.ivad.hu\/2016\/index.php?rest_route=\/wp\/v2\/posts\/48\/revisions\/49"}],"wp:featuredmedia":[{"embeddable":true,"href":"http:\/\/www.ivad.hu\/2016\/index.php?rest_route=\/wp\/v2\/media\/50"}],"wp:attachment":[{"href":"http:\/\/www.ivad.hu\/2016\/index.php?rest_route=%2Fwp%2Fv2%2Fmedia&parent=48"}],"wp:term":[{"taxonomy":"category","embeddable":true,"href":"http:\/\/www.ivad.hu\/2016\/index.php?rest_route=%2Fwp%2Fv2%2Fcategories&post=48"},{"taxonomy":"post_tag","embeddable":true,"href":"http:\/\/www.ivad.hu\/2016\/index.php?rest_route=%2Fwp%2Fv2%2Ftags&post=48"}],"curies":[{"name":"wp","href":"https:\/\/api.w.org\/{rel}","templated":true}]}}