{"id":640,"date":"2018-08-16T12:29:13","date_gmt":"2018-08-16T12:29:13","guid":{"rendered":"http:\/\/www.ivad.hu\/2016\/?p=640"},"modified":"2018-09-03T06:52:44","modified_gmt":"2018-09-03T06:52:44","slug":"teli-rezsicsokkentes","status":"publish","type":"post","link":"http:\/\/www.ivad.hu\/2016\/?p=640","title":{"rendered":"T\u00e9li rezsics\u00f6kkent\u00e9s"},"content":{"rendered":"<p>Iv\u00e1d K\u00f6zs\u00e9g \u00d6nkorm\u00e1nyzata t\u00e1j\u00e9koztatja a lakoss\u00e1got, hogy a Korm\u00e1ny 1364\/2018 (VII.27.) sz\u00e1m\u00fa hat\u00e1rozata alapj\u00e1n a f\u00e1val \u00e9s sz\u00e9nnel f\u0171t\u0151k is megkapj\u00e1k a rezsics\u00f6kkent\u00e9st.<\/p>\n<p><strong>Az \u00e9rintettek okt\u00f3ber 15-ig jelenthetik be t\u00e1mogat\u00e1si ig\u00e9ny\u00fcket a K\u00f6z\u00f6s Polg\u00e1rmesteri Hivatal 6. sz irod\u00e1j\u00e1ban kiz\u00e1r\u00f3lag \u00fcgyf\u00e9lfogad\u00e1si id\u0151ben<br \/>\n( H\u00e9tf\u0151: 8-16:00; Szerda: 8-16:00; P\u00e9ntek: 8-12:00).<\/strong><\/p>\n<p><strong>A t\u00e1mogat\u00e1s h\u00e1ztart\u00e1sonk\u00e9nt 12 ezer forint \u00e9rt\u00e9k\u0171 t\u00fczel\u0151anyag, amit az ig\u00e9nyl\u0151k a t\u00e9li f\u0171t\u00e9si szezonban vehetnek majd \u00e1t.<br \/>\nEgy lakc\u00edmre, egy k\u00e9relem ny\u00fajthat\u00f3 be!<\/strong><\/p>\n<p>Csak az kaphat t\u00e1mogat\u00e1st, aki eddig m\u00e9g nem r\u00e9szes\u00fclt a t\u00e9li rezsics\u00f6kkent\u00e9sben (akikn\u00e9l a vezet\u00e9kes g\u00e1z be van k\u00f6tve, minden bizonnyal kapott t\u00e1mogat\u00e1st akkor is, ha csak p\u00e9ld\u00e1ul f\u0151z\u00e9sre haszn\u00e1lja a vezet\u00e9kes g\u00e1zt, de nem f\u0171t vele. Ez m\u00e1r kiz\u00e1rja az ig\u00e9nybejelent\u00e9st), \u00e9s err\u0151l az ig\u00e9nyl\u0151nek b\u00fcntet\u0151jogi felel\u0151ss\u00e9ge tudat\u00e1ban nyilatkozatot is kell tennie.<\/p>\n<p>Az ig\u00e9ny jogosults\u00e1g\u00e1t az Orsz\u00e1gos Katasztr\u00f3fav\u00e9delmi F\u0151igazgat\u00f3s\u00e1g is ellen\u0151rizheti!<\/p>\n<hr \/>\n<p><strong>T\u00e1j\u00e9koztat\u00f3 a t\u00e9li rezsics\u00f6kkent\u00e9sben kor\u00e1bban nem r\u00e9szes\u00fclt, a vezet\u00e9kes g\u00e1z- vagy t\u00e1vf\u0171t\u00e9st\u0151l elt\u00e9r\u0151 f\u0171t\u0151anyagot felhaszn\u00e1l\u00f3 h\u00e1ztart\u00e1sok r\u00e9sz\u00e9re<\/strong><\/p>\n<p><strong>H\u00e1ztart\u00e1sonk\u00e9nt<\/strong> (egy lak\u00e1sban egy\u00fctt lak\u00f3, ott bejelentett lak\u00f3hellyel vagy tart\u00f3zkod\u00e1si hellyel rendelkez\u0151 szem\u00e9lyek k\u00f6z\u00f6ss\u00e9ge) <strong>egy darab ig\u00e9nybejelent\u00e9s ny\u00fajthat\u00f3 be a helyi \u00f6nkorm\u00e1nyzatn\u00e1l.<\/strong> A bejelent\u00e9sben az ig\u00e9nyl\u0151 nyilatkozik az ig\u00e9nyelt term\u00e9szetbeni juttat\u00e1s form\u00e1j\u00e1r\u00f3l, mely t\u0171zifa, sz\u00e9n, PB palackos g\u00e1z, PB tart\u00e1lyos g\u00e1z, f\u0171t\u0151olaj, vagy pellet\/brikett lehet. <strong>Az ig\u00e9nybejelent\u00e9s legk\u00e9s\u0151bb 2018. okt\u00f3ber 15. napj\u00e1ig ny\u00fajthat\u00f3 be.<\/strong> A hat\u00e1rid\u0151 elmulaszt\u00e1sa jogveszt\u0151, a hat\u00e1rid\u0151t k\u00f6vet\u0151en ig\u00e9nybejelent\u0151 lap befogad\u00e1s\u00e1ra nincs lehet\u0151s\u00e9g!<\/p>\n<p><strong>A k\u00e9s\u0151bbiekben az ig\u00e9nyjogosults\u00e1g igazol\u00e1s\u00e1ra a bejelent\u00e9ssel \u00e9rintettek r\u00e9sz\u00e9re az \u00d6nkorm\u00e1nyzat hivatalos igazol\u00e1st \u00e1ll\u00edt ki.<\/strong><\/p>\n<p><strong>Nem felel meg a felt\u00e9teleknek az a h\u00e1ztart\u00e1s:<\/strong><\/p>\n<p>amely a t\u00e9li rezsics\u00f6kkent\u00e9s kor\u00e1bbi int\u00e9zked\u00e9sei sor\u00e1n m\u00e1r \u00e1rkompenz\u00e1ci\u00f3 j\u00f3v\u00e1\u00edr\u00e1sban r\u00e9szes\u00fclt f\u00f6ldg\u00e1zfogyaszt\u00f3, vagy t\u00e1vh\u0151szolg\u00e1ltat\u00e1st ig\u00e9nybe vev\u0151 lakoss\u00e1gi fogyaszt\u00f3. Fontos el\u0151\u00edr\u00e1s tov\u00e1bb\u00e1, hogy a kiz\u00e1r\u00f3lag elektromos f\u0171t\u00e9si m\u00f3ddal rendelkez\u0151 h\u00e1ztart\u00e1sok nem jogosultak az ig\u00e9nybejelent\u00e9sre.<\/p>\n<p>A Korm. hat\u00e1rozat alapj\u00e1n a BM Orsz\u00e1gos Katasztr\u00f3fav\u00e9delmi F\u0151igazgat\u00f3s\u00e1g (a tov\u00e1bbiakban: Katasztr\u00f3fav\u00e9delem) ellen\u0151rzi, hogy az ig\u00e9nybejelent\u00e9st beny\u00fajt\u00f3 h\u00e1ztart\u00e1s kor\u00e1bban r\u00e9szes\u00fclt-e t\u00e9li rezsics\u00f6kkent\u00e9sben. Az ellen\u0151rz\u00e9sr\u0151l vizsg\u00e1lati \u00f6sszefoglal\u00f3 adatlapot \u00e1ll\u00edtanak ki, mely megk\u00fcld\u00e9sre ker\u00fcl a vizsg\u00e1lt h\u00e1ztart\u00e1s helye szerint \u00e9rintett \u00f6nkorm\u00e1nyzat r\u00e9sz\u00e9re. <strong>Ha a vizsg\u00e1lat eredm\u00e9nyek\u00e9nt val\u00f3sz\u00edn\u0171s\u00edthet\u0151, hogy az ig\u00e9nybejelent\u0151 rosszhiszem\u0171en j\u00e1rt el, vagyis \u00fagy adta be az ig\u00e9nybejelent\u00e9s\u00e9t, hogy m\u00e1r r\u00e9szes\u00fclt a t\u00e9li rezsics\u00f6kkent\u00e9sben, az \u00f6nkorm\u00e1nyzatnak szab\u00e1lys\u00e9rt\u00e9si, vagy \u2013 min\u0151s\u00edt\u0151 k\u00f6r\u00fclm\u00e9ny fenn\u00e1ll\u00e1sa eset\u00e9n \u2013 b\u00fcntet\u0151elj\u00e1r\u00e1st kell kezdem\u00e9nyeznie az ig\u00e9nybejelent\u0151vel szemben!<\/strong><\/p>\n<div class=\"clearfix\"><\/div>\n","protected":false},"excerpt":{"rendered":"<p>Iv\u00e1d K\u00f6zs\u00e9g \u00d6nkorm\u00e1nyzata t\u00e1j\u00e9koztatja a lakoss\u00e1got, hogy a Korm\u00e1ny 1364\/2018 (VII.27.) sz\u00e1m\u00fa hat\u00e1rozata alapj\u00e1n a f\u00e1val \u00e9s sz\u00e9nnel f\u0171t\u0151k is megkapj\u00e1k a rezsics\u00f6kkent\u00e9st. Az \u00e9rintettek okt\u00f3ber 15-ig jelenthetik be t\u00e1mogat\u00e1si ig\u00e9ny\u00fcket a K\u00f6z\u00f6s Polg\u00e1rmesteri Hivatal 6. sz irod\u00e1j\u00e1ban kiz\u00e1r\u00f3lag \u00fcgyf\u00e9lfogad\u00e1si id\u0151ben ( H\u00e9tf\u0151: 8-16:00; Szerda: 8-16:00; P\u00e9ntek: 8-12:00). A t\u00e1mogat\u00e1s h\u00e1ztart\u00e1sonk\u00e9nt 12 ezer forint \u00e9rt\u00e9k\u0171 [&hellip;]<\/p>\n","protected":false},"author":1,"featured_media":641,"comment_status":"open","ping_status":"open","sticky":false,"template":"","format":"standard","meta":{"footnotes":""},"categories":[3],"tags":[],"_links":{"self":[{"href":"http:\/\/www.ivad.hu\/2016\/index.php?rest_route=\/wp\/v2\/posts\/640"}],"collection":[{"href":"http:\/\/www.ivad.hu\/2016\/index.php?rest_route=\/wp\/v2\/posts"}],"about":[{"href":"http:\/\/www.ivad.hu\/2016\/index.php?rest_route=\/wp\/v2\/types\/post"}],"author":[{"embeddable":true,"href":"http:\/\/www.ivad.hu\/2016\/index.php?rest_route=\/wp\/v2\/users\/1"}],"replies":[{"embeddable":true,"href":"http:\/\/www.ivad.hu\/2016\/index.php?rest_route=%2Fwp%2Fv2%2Fcomments&post=640"}],"version-history":[{"count":2,"href":"http:\/\/www.ivad.hu\/2016\/index.php?rest_route=\/wp\/v2\/posts\/640\/revisions"}],"predecessor-version":[{"id":644,"href":"http:\/\/www.ivad.hu\/2016\/index.php?rest_route=\/wp\/v2\/posts\/640\/revisions\/644"}],"wp:featuredmedia":[{"embeddable":true,"href":"http:\/\/www.ivad.hu\/2016\/index.php?rest_route=\/wp\/v2\/media\/641"}],"wp:attachment":[{"href":"http:\/\/www.ivad.hu\/2016\/index.php?rest_route=%2Fwp%2Fv2%2Fmedia&parent=640"}],"wp:term":[{"taxonomy":"category","embeddable":true,"href":"http:\/\/www.ivad.hu\/2016\/index.php?rest_route=%2Fwp%2Fv2%2Fcategories&post=640"},{"taxonomy":"post_tag","embeddable":true,"href":"http:\/\/www.ivad.hu\/2016\/index.php?rest_route=%2Fwp%2Fv2%2Ftags&post=640"}],"curies":[{"name":"wp","href":"https:\/\/api.w.org\/{rel}","templated":true}]}}