{"id":650,"date":"2018-10-10T12:12:39","date_gmt":"2018-10-10T12:12:39","guid":{"rendered":"http:\/\/www.ivad.hu\/2016\/?p=650"},"modified":"2018-10-12T10:39:56","modified_gmt":"2018-10-12T10:39:56","slug":"osztondijfelhivas-kozepiskolasok-reszere","status":"publish","type":"post","link":"http:\/\/www.ivad.hu\/2016\/?p=650","title":{"rendered":"\u00d6szt\u00f6nd\u00edjfelh\u00edv\u00e1s k\u00f6z\u00e9piskol\u00e1sok r\u00e9sz\u00e9re"},"content":{"rendered":"<p>EFOP-1.5.3-16-2017-00088 azonos\u00edt\u00f3sz\u00e1m\u00fa, \u201e\u00c9szak-hevesi ter\u00fcleti<br \/>\nk\u00fcl\u00f6nbs\u00e9gek m\u00e9rs\u00e9kl\u00e9se komplex szolg\u00e1ltat\u00e1sfejleszt\u00e9ssel\u201d \u2013 projekt keret\u00e9ben meghirdetett<\/p>\n<p>\u00d6SZT\u00d6ND\u00cdJ P\u00c1LY\u00c1ZATI FELH\u00cdV\u00c1S<\/p>\n<p>Iv\u00e1d K\u00f6zs\u00e9g \u00d6nkorm\u00e1nyzata az EFOP-1.5.3-16-2017-00088 azonos\u00edt\u00f3sz\u00e1m\u00fa, \u201e\u00c9szak-hevesi ter\u00fcleti k\u00fcl\u00f6nbs\u00e9gek m\u00e9rs\u00e9kl\u00e9se komplex szolg\u00e1ltat\u00e1sfejleszt\u00e9ssel\u201d elnevez\u00e9s\u0171 p\u00e1ly\u00e1zat keret\u00e9ben \u00f6szt\u00f6nd\u00edj p\u00e1ly\u00e1zatot hirdet a 2018\/2019. \u00e9s a 2019\/2020. tan\u00e9vekre, k\u00f6z\u00e9piskol\u00e1s tanul\u00f3k r\u00e9sz\u00e9re.<\/p>\n<p><strong>1. Az \u00f6szt\u00f6nd\u00edjrendszer kialak\u00edt\u00e1s\u00e1nak c\u00e9lja:<\/strong><\/p>\n<blockquote>\n<ul>\n<li>a fiatalok helyben marad\u00e1s\u00e1nak \u00f6szt\u00f6nz\u00e9se,<\/li>\n<li>a fiatalok meg\u00e9lhet\u00e9si k\u00f6r\u00fclm\u00e9nyeinek jav\u00edt\u00e1sa,<\/li>\n<li>a vid\u00e9k n\u00e9pess\u00e9gmegtart\u00f3 k\u00e9pess\u00e9g\u00e9nek er\u0151s\u00edt\u00e9se \u00e9s az ezzel kapcsolatos \u00e9rt\u00e9kk\u00f6zvet\u00edt\u00e9s t\u00e1mogat\u00e1sa.<\/li>\n<\/ul>\n<\/blockquote>\n<p><strong>2. P\u00e1ly\u00e1zati felt\u00e9telek:<\/strong><\/p>\n<blockquote>\n<ul>\n<li>magyar \u00e1llampolg\u00e1rs\u00e1g,<\/li>\n<li>szakk\u00f6z\u00e9piskola, vagy gimn\u00e1zium 10-12. \u00e9vfolyam\u00e1n nappali tagozatos tanul\u00f3i jogviszony,<\/li>\n<li>maximum 20 \u00e9ves \u00e9letkor,<\/li>\n<li>Iv\u00e1di \u00e1lland\u00f3 lak\u00f3hely,<\/li>\n<li>kiskor\u00fa eset\u00e9n a t\u00f6rv\u00e9nyes k\u00e9pvisel\u0151 \u00e1ltal al\u00e1\u00edrt p\u00e1ly\u00e1zati adatlap,<\/li>\n<li>a p\u00e1ly\u00e1zaton nem indulhat az a tanul\u00f3, aki a k\u00f6z\u00e9piskola \u00e1ltal vagy azon k\u00edv\u00fcl ny\u00fajtott, m\u00e1sfajta \u00f6szt\u00f6nd\u00edjban, vagy k\u00e9pz\u00e9si t\u00e1mogat\u00e1sban r\u00e9szes\u00fcl.<\/li>\n<\/ul>\n<\/blockquote>\n<p><strong>P\u00e1ly\u00e1zni kiz\u00e1r\u00f3lag tanulm\u00e1nyi \u00e1tlageredm\u00e9ny alapj\u00e1n lehet.<\/strong><\/p>\n<p>&#8211; P\u00e1ly\u00e1zni csak 4.00 feletti \u00e9v v\u00e9gi tanulm\u00e1nyi \u00e1tlageredm\u00e9ny igazol\u00e1s\u00e1val van lehet\u0151s\u00e9g.<\/p>\n<hr \/>\n<p>B\u0151vebben : <a href=\"http:\/\/www.ivad.hu\/2016\/wp-content\/uploads\/2018\/10\/EFOP-\u00f6szt\u00f6nd\u00edj-Iv\u00e1d.pdf\" target=\"_blank\" rel=\"noopener\">EFOP \u00f6szt\u00f6nd\u00edj Iv\u00e1d\u00a0| <\/a><a href=\"http:\/\/www.petervasara.hu\/2013\/wp-content\/uploads\/2018\/10\/EFOP-adatlap.docx\">EFOP adatlap<\/a><\/p>\n","protected":false},"excerpt":{"rendered":"<p>EFOP-1.5.3-16-2017-00088 azonos\u00edt\u00f3sz\u00e1m\u00fa, \u201e\u00c9szak-hevesi ter\u00fcleti k\u00fcl\u00f6nbs\u00e9gek m\u00e9rs\u00e9kl\u00e9se komplex szolg\u00e1ltat\u00e1sfejleszt\u00e9ssel\u201d \u2013 projekt keret\u00e9ben meghirdetett \u00d6SZT\u00d6ND\u00cdJ P\u00c1LY\u00c1ZATI FELH\u00cdV\u00c1S Iv\u00e1d K\u00f6zs\u00e9g \u00d6nkorm\u00e1nyzata az EFOP-1.5.3-16-2017-00088 azonos\u00edt\u00f3sz\u00e1m\u00fa, \u201e\u00c9szak-hevesi ter\u00fcleti k\u00fcl\u00f6nbs\u00e9gek m\u00e9rs\u00e9kl\u00e9se komplex szolg\u00e1ltat\u00e1sfejleszt\u00e9ssel\u201d elnevez\u00e9s\u0171 p\u00e1ly\u00e1zat keret\u00e9ben \u00f6szt\u00f6nd\u00edj p\u00e1ly\u00e1zatot hirdet a 2018\/2019. \u00e9s a 2019\/2020. tan\u00e9vekre, k\u00f6z\u00e9piskol\u00e1s tanul\u00f3k r\u00e9sz\u00e9re. 1. Az \u00f6szt\u00f6nd\u00edjrendszer kialak\u00edt\u00e1s\u00e1nak c\u00e9lja: a fiatalok helyben marad\u00e1s\u00e1nak \u00f6szt\u00f6nz\u00e9se, a fiatalok meg\u00e9lhet\u00e9si [&hellip;]<\/p>\n","protected":false},"author":1,"featured_media":652,"comment_status":"open","ping_status":"open","sticky":false,"template":"","format":"standard","meta":{"footnotes":""},"categories":[3],"tags":[30,21],"_links":{"self":[{"href":"http:\/\/www.ivad.hu\/2016\/index.php?rest_route=\/wp\/v2\/posts\/650"}],"collection":[{"href":"http:\/\/www.ivad.hu\/2016\/index.php?rest_route=\/wp\/v2\/posts"}],"about":[{"href":"http:\/\/www.ivad.hu\/2016\/index.php?rest_route=\/wp\/v2\/types\/post"}],"author":[{"embeddable":true,"href":"http:\/\/www.ivad.hu\/2016\/index.php?rest_route=\/wp\/v2\/users\/1"}],"replies":[{"embeddable":true,"href":"http:\/\/www.ivad.hu\/2016\/index.php?rest_route=%2Fwp%2Fv2%2Fcomments&post=650"}],"version-history":[{"count":4,"href":"http:\/\/www.ivad.hu\/2016\/index.php?rest_route=\/wp\/v2\/posts\/650\/revisions"}],"predecessor-version":[{"id":657,"href":"http:\/\/www.ivad.hu\/2016\/index.php?rest_route=\/wp\/v2\/posts\/650\/revisions\/657"}],"wp:featuredmedia":[{"embeddable":true,"href":"http:\/\/www.ivad.hu\/2016\/index.php?rest_route=\/wp\/v2\/media\/652"}],"wp:attachment":[{"href":"http:\/\/www.ivad.hu\/2016\/index.php?rest_route=%2Fwp%2Fv2%2Fmedia&parent=650"}],"wp:term":[{"taxonomy":"category","embeddable":true,"href":"http:\/\/www.ivad.hu\/2016\/index.php?rest_route=%2Fwp%2Fv2%2Fcategories&post=650"},{"taxonomy":"post_tag","embeddable":true,"href":"http:\/\/www.ivad.hu\/2016\/index.php?rest_route=%2Fwp%2Fv2%2Ftags&post=650"}],"curies":[{"name":"wp","href":"https:\/\/api.w.org\/{rel}","templated":true}]}}