{"id":772,"date":"2019-10-04T10:46:53","date_gmt":"2019-10-04T10:46:53","guid":{"rendered":"http:\/\/www.ivad.hu\/2016\/?p=772"},"modified":"2019-10-04T10:46:55","modified_gmt":"2019-10-04T10:46:55","slug":"bursa-hungarica-2019-2","status":"publish","type":"post","link":"http:\/\/www.ivad.hu\/2016\/?p=772","title":{"rendered":"Bursa Hungarica 2019"},"content":{"rendered":"\n<p>Az Emberi Er\u0151forr\u00e1sok Miniszt\u00e9riuma megb\u00edz\u00e1s\u00e1b\u00f3l az Emberi Er\u0151forr\u00e1s T\u00e1mogat\u00e1skezel\u0151 <strong>ny\u00edlt p\u00e1ly\u00e1zat<\/strong> keret\u00e9ben meghirdeti a Bursa Hungarica Fels\u0151oktat\u00e1si \u00d6nkorm\u00e1nyzati \u00d6szt\u00f6nd\u00edjp\u00e1ly\u00e1zatot <strong>fels\u0151oktat\u00e1si tanulm\u00e1nyokat kezdeni k\u00edv\u00e1n\u00f3 fiatalok<\/strong> sz\u00e1m\u00e1ra. <\/p>\n\n\n\n<p> Az \u00f6nkorm\u00e1nyzati csatlakoz\u00e1s hat\u00e1rideje: <strong>2019. okt\u00f3ber 2.<\/strong><br> A p\u00e1ly\u00e1zat beny\u00fajt\u00e1s\u00e1nak hat\u00e1rideje:<strong> 2019. november 5.<br> \u00a0<\/strong><br>Az al\u00e1bbiakban el\u00e9rhet\u0151 a felh\u00edv\u00e1s \u00e9s mell\u00e9kletei:<\/p>\n\n\n\n<p><a href=\"http:\/\/www.emet.gov.hu\/felhivasok\/bursa_hungarica15\/\">A felh\u00edv\u00e1s k\u00f3dja: BURSA-2020 A<\/a><br><a href=\"http:\/\/www.emet.gov.hu\/felhivasok\/bursa_hungarica16\/\">A felh\u00edv\u00e1s k\u00f3dja: BURSA-2020 B<\/a><\/p>\n\n\n\n<p><\/p>\n","protected":false},"excerpt":{"rendered":"<p>Az Emberi Er\u0151forr\u00e1sok Miniszt\u00e9riuma megb\u00edz\u00e1s\u00e1b\u00f3l az Emberi Er\u0151forr\u00e1s T\u00e1mogat\u00e1skezel\u0151 ny\u00edlt p\u00e1ly\u00e1zat keret\u00e9ben meghirdeti a Bursa Hungarica Fels\u0151oktat\u00e1si \u00d6nkorm\u00e1nyzati \u00d6szt\u00f6nd\u00edjp\u00e1ly\u00e1zatot fels\u0151oktat\u00e1si tanulm\u00e1nyokat kezdeni k\u00edv\u00e1n\u00f3 fiatalok sz\u00e1m\u00e1ra. Az \u00f6nkorm\u00e1nyzati csatlakoz\u00e1s hat\u00e1rideje: 2019. okt\u00f3ber 2. A p\u00e1ly\u00e1zat beny\u00fajt\u00e1s\u00e1nak hat\u00e1rideje: 2019. november 5. \u00a0Az al\u00e1bbiakban el\u00e9rhet\u0151 a felh\u00edv\u00e1s \u00e9s mell\u00e9kletei: A felh\u00edv\u00e1s k\u00f3dja: BURSA-2020 AA felh\u00edv\u00e1s k\u00f3dja: BURSA-2020 B<\/p>\n","protected":false},"author":1,"featured_media":773,"comment_status":"open","ping_status":"open","sticky":false,"template":"","format":"standard","meta":{"footnotes":""},"categories":[3],"tags":[],"_links":{"self":[{"href":"http:\/\/www.ivad.hu\/2016\/index.php?rest_route=\/wp\/v2\/posts\/772"}],"collection":[{"href":"http:\/\/www.ivad.hu\/2016\/index.php?rest_route=\/wp\/v2\/posts"}],"about":[{"href":"http:\/\/www.ivad.hu\/2016\/index.php?rest_route=\/wp\/v2\/types\/post"}],"author":[{"embeddable":true,"href":"http:\/\/www.ivad.hu\/2016\/index.php?rest_route=\/wp\/v2\/users\/1"}],"replies":[{"embeddable":true,"href":"http:\/\/www.ivad.hu\/2016\/index.php?rest_route=%2Fwp%2Fv2%2Fcomments&post=772"}],"version-history":[{"count":1,"href":"http:\/\/www.ivad.hu\/2016\/index.php?rest_route=\/wp\/v2\/posts\/772\/revisions"}],"predecessor-version":[{"id":774,"href":"http:\/\/www.ivad.hu\/2016\/index.php?rest_route=\/wp\/v2\/posts\/772\/revisions\/774"}],"wp:featuredmedia":[{"embeddable":true,"href":"http:\/\/www.ivad.hu\/2016\/index.php?rest_route=\/wp\/v2\/media\/773"}],"wp:attachment":[{"href":"http:\/\/www.ivad.hu\/2016\/index.php?rest_route=%2Fwp%2Fv2%2Fmedia&parent=772"}],"wp:term":[{"taxonomy":"category","embeddable":true,"href":"http:\/\/www.ivad.hu\/2016\/index.php?rest_route=%2Fwp%2Fv2%2Fcategories&post=772"},{"taxonomy":"post_tag","embeddable":true,"href":"http:\/\/www.ivad.hu\/2016\/index.php?rest_route=%2Fwp%2Fv2%2Ftags&post=772"}],"curies":[{"name":"wp","href":"https:\/\/api.w.org\/{rel}","templated":true}]}}