{"id":788,"date":"2020-01-30T11:52:44","date_gmt":"2020-01-30T11:52:44","guid":{"rendered":"http:\/\/www.ivad.hu\/2016\/?p=788"},"modified":"2020-01-30T11:54:07","modified_gmt":"2020-01-30T11:54:07","slug":"nagyot-szolt-az-ivadi-pofonofon-a-nemzeti-szinhazban","status":"publish","type":"post","link":"http:\/\/www.ivad.hu\/2016\/?p=788","title":{"rendered":"Nagyot sz\u00f3lt az iv\u00e1di pofonofon a Nemzeti Sz\u00ednh\u00e1zban"},"content":{"rendered":"\n<p class=\"has-drop-cap\">Sikeresen szerepelt a Nemzeti Sz\u00ednh\u00e1zban megrendezett V.  Pajtasz\u00ednh\u00e1zi Szeml\u00e9n az iv\u00e1di H\u00e9tsz\u00ednvir\u00e1g Sz\u00ednj\u00e1tsz\u00f3k\u00f6r. <strong>A t\u00e1rsulat  D\u00e9s L\u00e1szl\u00f3-Geszti P\u00e9ter-B\u00e9k\u00e9s P\u00e1l: A dzsungel k\u00f6nyve c\u00edm\u0171 musicalje  hatalmas sikereket aratott a f\u0151v\u00e1rosi te\u00e1trumban<\/strong>. A 2014 \u00f3ta m\u0171k\u00f6d\u0151  csoportr\u00f3l, az Iv\u00e1dr\u00f3l Budapestig vezet\u0151 \u00fatr\u00f3l Valyon L\u00e1szl\u00f3  polg\u00e1rmester sz\u00e1molt be a K\u00e9kes Online-nak.<\/p>\n\n\n\n<p><strong>Hat \u00e9ve m\u0171k\u00f6dik a csoport. Milyen tervekkel hozt\u00e1k l\u00e9tre?<\/strong><\/p>\n\n\n\n<p>2014-ben, amikor polg\u00e1rmester lettem, az els\u0151 rendezv\u00e9ny\u00fcnk egy \nokt\u00f3ber 23-ai megeml\u00e9kez\u00e9s volt. A m\u0171sorra a p\u00e1rom, Szab\u00f3 Edit, aki a \nP\u00e9terv\u00e1s\u00e1rai Szakk\u00e9pz\u0151 Iskol\u00e1ban tan\u00edt, a saj\u00e1t di\u00e1kjaib\u00f3l hozott \nszerepl\u0151ket. Akkor vet\u0151d\u00f6tt fel az az \u00f6tlet, hogy vannak itt helyben is \nolyan tehets\u00e9ges sz\u00edn\u00e9szpal\u00e1nt\u00e1k, akikb\u0151l \u00f6sszeverbuv\u00e1lhatn\u00e1nk egy \nmaroknyi sz\u00ednj\u00e1tsz\u00f3 csoportot. Ez meg is t\u00f6rt\u00e9nt m\u00e9g az \u00e9v december\u00e9re. \nEditre mindig is jellemz\u0151 volt, hogy egy nemzeti \u00fcnnepre vagy any\u00e1k \nnapj\u00e1ra nem egy sablon m\u0171sort tan\u00edtott be versekkel, dalokkal, hanem \nmindig egy-egy jelenetet, \u00edgy a tagoknak nem volt ismeretlen a \nsz\u00ednj\u00e1tsz\u00e1s.<\/p>\n\n\n\n<p><strong>H\u00e1ny f\u0151vel indultak \u00e9s h\u00e1ny tagot sz\u00e1ml\u00e1lnak most?<\/strong><\/p>\n\n\n\n<p>11 f\u0151vel indultunk, majd 7 f\u0151re cs\u00f6kkent a l\u00e9tsz\u00e1m. Ennek d\u00f6nt\u0151 oka \naz volt, hogy a pr\u00f3b\u00e1k este voltak iskola ut\u00e1n, amikor m\u00e1r mindenki \nelf\u00e1radt, tanulni kellett, \u00edgy csak a legkitart\u00f3bbak maradtak.<\/p>\n\n\n\n<p><strong>Hogyan \u00e9rkezett meg a felk\u00e9r\u00e9s a Pajtasz\u00ednh\u00e1zi szerepl\u00e9sre?<\/strong><\/p>\n\n\n\n<p>A megalakul\u00e1sunk \u00f3ta nemcsak Iv\u00e1don, de a szomsz\u00e9dos telep\u00fcl\u00e9seken,  P\u00e9terv\u00e1s\u00e1r\u00e1n, Kisf\u00fczesen is vend\u00e9geskedt\u00fcnk. J\u00f3magam mindig is  kapcsolatban voltam a Nemzeti M\u0171vel\u0151d\u00e9si Int\u00e9zettel, akik tudt\u00e1k, hogy  akt\u00edv a kultur\u00e1lis \u00e9let\u00fcnk. 2019 augusztus\u00e1ban keresett meg Kun Zs\u00f3fia, a  NMI m\u00f3dszertani referense \u00e9s Csath\u00f3n\u00e9 Seb\u0151k Erika, a Nemzeti M\u0171vel\u0151d\u00e9si  Int\u00e9zet Heves Megyei Igazgat\u00f3s\u00e1g vezet\u0151je, hogy lenne-e kedv\u00fcnk a  Pajtasz\u00ednh\u00e1z idei programj\u00e1ban szerepelni. \u00c9pp egy egyhetes sz\u00ednj\u00e1tsz\u00f3  t\u00e1bort tartottunk a gyermekeknek, \u00f6sszedugtuk a fej\u00fcnket \u00e9s hamar  eld\u0151lt, v\u00e1llaljuk a r\u00e9szv\u00e9telt. Kaptunk egy mentort, Nagy Adriennt, a  G\u00e1rdonyi G\u00e9za Sz\u00ednh\u00e1z sz\u00ednm\u0171v\u00e9sze szem\u00e9ly\u00e9ben, aki nagyon nagy seg\u00edt\u0151nk  volt. Nemcsak megrendezte A dzsungel k\u00f6nyve c\u00edm\u0171 el\u0151ad\u00e1st, hanem sz\u00e1mos  szakmai tan\u00e1ccsal, praktik\u00e1val l\u00e1tott el benn\u00fcnket, aminek nagy haszn\u00e1t  vett\u00fck, k\u00fcl\u00f6n\u00f6sen a Nemzeti Sz\u00ednh\u00e1zban.<\/p>\n\n\n\n<p><strong>Mi a Pajtasz\u00ednh\u00e1zi program f\u0151 c\u00e9lja?<\/strong><\/p>\n\n\n\n<p>A Nemzeti M\u0171vel\u0151d\u00e9si Int\u00e9zet \u00e9s a Magyar Te\u00e1trumi T\u00e1rsas\u00e1g id\u00e9n \n\u00f6t\u00f6dik alkalommal rendezte meg k\u00f6z\u00f6sen ezt az orsz\u00e1gos programot. A c\u00e9l \naz, hogy Magyarorsz\u00e1g mind a 19 megy\u00e9j\u00e9nek egy-egy telep\u00fcl\u00e9s\u00e9n m\u00e1r \nm\u0171k\u00f6d\u0151 sz\u00ednj\u00e1tsz\u00f3 k\u00f6r mutasson be egy darabot. Tov\u00e1bbi c\u00e9l, hogy a \nmegl\u00e9v\u0151 sz\u00ednj\u00e1tsz\u00f3 hagyom\u00e1nyok ment\u00e9n \u00faj k\u00f6z\u00f6ss\u00e9gek, csoportok j\u00f6jjenek \nl\u00e9tre. Ez siker\u00fclt, hiszen a jelenlegi csoportot 13 f\u0151re b\u0151v\u00edtett\u00fck az \nel\u0151ad\u00e1sra, csatlakozott k\u00e9t tarnaleleszi \u00e9s egy p\u00e9terv\u00e1s\u00e1rai kisl\u00e1ny, \nk\u00e9t 20 \u00e9ves fi\u00fa, valamint egy nyugd\u00edjas h\u00f6lgy.<\/p>\n\n\n\n<p><strong>Mes\u00e9ljen az el\u0151ad\u00e1sr\u00f3l! Milyen volt a fogadtat\u00e1s?<\/strong><\/p>\n\n\n\n<p>A p\u00e1ly\u00e1zat el\u0151\u00edr\u00e1sa szerint egy 20-30 perces el\u0151ad\u00e1st kellett minden  r\u00e9sztvev\u0151nek el\u0151adni. A mi bemutat\u00f3nk 50 percesre sikeredett. M\u00e1r a  darab pr\u00f3bafolyamata is nagy izgalommal telt \u00e9s ez kitartott eg\u00e9szen a  Nemzeti Sz\u00ednh\u00e1zig, a janu\u00e1r 26-ai bemutat\u00f3 pillanat\u00e1ig. Szerencs\u00e9re az  el\u0151ad\u00e1s alatt ez az izgalom elillant, ezt a zs\u0171ri m\u00e9ltat\u00e1sa is igazolja.  Ahogyan eml\u00edtettem, a mentorunk, Adrienn is nagyon sok \u00f6tletet,  tan\u00e1csot adott a gyerekeknek, akik derekasan helyt \u00e1lltak a  nagysz\u00ednpadon. Volt olyan fiatal, aki m\u00e9g sohasem j\u00e1rt sz\u00ednh\u00e1zban, ehhez  k\u00e9pest a dalokhoz m\u00e1r mikroportban szerepeltek, mint az igazi nagy  sz\u00edn\u00e9szek. Nagyon b\u00fcszk\u00e9n viselt\u00e9k, \u00fcgyesek voltak, s t\u00f6bb sz\u00e1z ember  el\u0151tt bizony\u00edtott\u00e1k a tud\u00e1sukat! J\u00f3magam nagyon izgultam \u00e9rt\u00fck,  bevallom, meg is hat\u00f3dtam a hatalmas taps hallat\u00e1n. Meg\u00e9rdemelt\u00e9k,  hiszen sokat dolgoztak a siker\u00e9rt, s p\u00e9lda\u00e9rt\u00e9k\u0171en k\u00e9pviselt\u00e9k Iv\u00e1dot a f\u0151v\u00e1rosban. Persze, ez a p\u00e1ly\u00e1zat els\u0151sorban nem a szerepl\u00e9sr\u0151l, hanem  az egy\u00fcttl\u00e9tr\u0151l, a k\u00f6z\u00f6ss\u00e9g\u00e9p\u00edt\u00e9sr\u0151l sz\u00f3lt. K\u00f6sz\u00f6net \u00e9s h\u00e1la a  seg\u00edt\u0151knek is!<\/p>\n\n\n\n<p><strong>Hol l\u00e1thatj\u00e1k a helyiek legk\u00f6zelebb az el\u0151ad\u00e1st?<\/strong><\/p>\n\n\n\n<p>A p\u00e1ly\u00e1zat el\u0151\u00edr\u00e1sa az volt, hogy a Nemzeti ut\u00e1n helyben is el\u0151 kell  adni a sz\u00edndarabot. Sajnos az iv\u00e1di M\u0171vel\u0151d\u00e9si H\u00e1z ehhez nem el\u00e9g nagy,  <strong>ez\u00e9rt 2020. febru\u00e1r 2-\u00e1n vas\u00e1rnap 15 \u00f3r\u00e1t\u00f3l a P\u00e9terv\u00e1s\u00e1rai M\u0171vel\u0151d\u00e9si H\u00e1z ad nek\u00fcnk otthont  a bemutat\u00f3hoz. Mindenkit szeretettel v\u00e1runk!<\/strong><\/p>\n\n\n\n<p><em>forr\u00e1s: <a href=\"https:\/\/kekesonline.hu\/2020\/01\/29\/nagyot-szolt-az-ivadi-pofonofon-a-nemzeti-szinhazban\/\" target=\"_blank\" rel=\"noreferrer noopener\" aria-label=\"Kekesonline.hu (\u00faj f\u00fcl\u00f6n nyitja meg)\">Kekesonline.hu<\/a><\/em><\/p>\n","protected":false},"excerpt":{"rendered":"<p>Sikeresen szerepelt a Nemzeti Sz\u00ednh\u00e1zban megrendezett V. Pajtasz\u00ednh\u00e1zi Szeml\u00e9n az iv\u00e1di H\u00e9tsz\u00ednvir\u00e1g Sz\u00ednj\u00e1tsz\u00f3k\u00f6r. A t\u00e1rsulat D\u00e9s L\u00e1szl\u00f3-Geszti P\u00e9ter-B\u00e9k\u00e9s P\u00e1l: A dzsungel k\u00f6nyve c\u00edm\u0171 musicalje hatalmas sikereket aratott a f\u0151v\u00e1rosi te\u00e1trumban. A 2014 \u00f3ta m\u0171k\u00f6d\u0151 csoportr\u00f3l, az Iv\u00e1dr\u00f3l Budapestig vezet\u0151 \u00fatr\u00f3l Valyon L\u00e1szl\u00f3 polg\u00e1rmester sz\u00e1molt be a K\u00e9kes Online-nak. Hat \u00e9ve m\u0171k\u00f6dik a csoport. Milyen tervekkel [&hellip;]<\/p>\n","protected":false},"author":1,"featured_media":789,"comment_status":"open","ping_status":"open","sticky":false,"template":"","format":"standard","meta":{"footnotes":""},"categories":[3],"tags":[],"_links":{"self":[{"href":"http:\/\/www.ivad.hu\/2016\/index.php?rest_route=\/wp\/v2\/posts\/788"}],"collection":[{"href":"http:\/\/www.ivad.hu\/2016\/index.php?rest_route=\/wp\/v2\/posts"}],"about":[{"href":"http:\/\/www.ivad.hu\/2016\/index.php?rest_route=\/wp\/v2\/types\/post"}],"author":[{"embeddable":true,"href":"http:\/\/www.ivad.hu\/2016\/index.php?rest_route=\/wp\/v2\/users\/1"}],"replies":[{"embeddable":true,"href":"http:\/\/www.ivad.hu\/2016\/index.php?rest_route=%2Fwp%2Fv2%2Fcomments&post=788"}],"version-history":[{"count":2,"href":"http:\/\/www.ivad.hu\/2016\/index.php?rest_route=\/wp\/v2\/posts\/788\/revisions"}],"predecessor-version":[{"id":791,"href":"http:\/\/www.ivad.hu\/2016\/index.php?rest_route=\/wp\/v2\/posts\/788\/revisions\/791"}],"wp:featuredmedia":[{"embeddable":true,"href":"http:\/\/www.ivad.hu\/2016\/index.php?rest_route=\/wp\/v2\/media\/789"}],"wp:attachment":[{"href":"http:\/\/www.ivad.hu\/2016\/index.php?rest_route=%2Fwp%2Fv2%2Fmedia&parent=788"}],"wp:term":[{"taxonomy":"category","embeddable":true,"href":"http:\/\/www.ivad.hu\/2016\/index.php?rest_route=%2Fwp%2Fv2%2Fcategories&post=788"},{"taxonomy":"post_tag","embeddable":true,"href":"http:\/\/www.ivad.hu\/2016\/index.php?rest_route=%2Fwp%2Fv2%2Ftags&post=788"}],"curies":[{"name":"wp","href":"https:\/\/api.w.org\/{rel}","templated":true}]}}