{"id":793,"date":"2020-01-28T13:08:00","date_gmt":"2020-01-28T13:08:00","guid":{"rendered":"http:\/\/www.ivad.hu\/2016\/?p=793"},"modified":"2020-02-03T13:08:40","modified_gmt":"2020-02-03T13:08:40","slug":"vastapsot-kaptak-az-ivadi-szinjatszok-a-nemzeti-szinhazban","status":"publish","type":"post","link":"http:\/\/www.ivad.hu\/2016\/?p=793","title":{"rendered":"Vastapsot kaptak az iv\u00e1di sz\u00ednj\u00e1tsz\u00f3k a Nemzeti Sz\u00ednh\u00e1zban"},"content":{"rendered":"\n<h3 class=\"wp-block-heading\">Az iv\u00e1di H\u00e9tsz\u00ednvir\u00e1g Di\u00e1ksz\u00ednj\u00e1tsz\u00f3 K\u00f6r tagjai fergeteges sikert arattak az elm\u00falt h\u00e9t v\u00e9g\u00e9n  Budapesten, a Nemzeti Sz\u00ednh\u00e1zban. Az \u00f6t \u00e9ve m\u0171k\u00f6d\u0151 csapat ez\u00fattal is  kitett mag\u00e1\u00e9rt.                                                                                                                                                                                                                                                                                                                                                                       <\/h3>\n\n\n\n<p>Az elm\u00falt h\u00e9t v\u00e9g\u00e9n negyedszer \nrendezt\u00e9k meg Budapesten, a \u00adNemzeti Sz\u00ednh\u00e1zban a Pajtasz\u00ednh\u00e1zi szeml\u00e9t.\n Heves megy\u00e9t a Nemzeti M\u0171vel\u0151d\u00e9si Int\u00e9zet Heves Megyei Igazgat\u00f3s\u00e1g\u00e1nak \nfelk\u00e9r\u00e9s\u00e9re egy apr\u00f3cska \u00e9szak-hevesi telep\u00fcl\u00e9s, a n\u00e9gysz\u00e1z lakos\u00fa Iv\u00e1d \nlelkes sz\u00ednj\u00e1tsz\u00f3 csoportja k\u00e9pviselte.<\/p>\n\n\n\n<p>A H\u00e9tsz\u00ednvir\u00e1g Sz\u00ednj\u00e1tsz\u00f3 K\u00f6r \u00f6t \u00e9ve alakult meg \u00adSzab\u00f3 Edit \npedag\u00f3gus vezet\u00e9s\u00e9vel. \u0150 k\u00e9sz\u00edti fel a gyerekeket a nemzeti \u00fcnnepekre, s\n az elm\u00falt \u00e9vekben sz\u00e1mos k\u00f6rny\u00e9kbeli rendezv\u00e9nyen is<a href=\"https:\/\/www.heol.hu\/kozelet\/helyi-kozelet\/ket-napig-pihentek-szorakoztak-az-ivadi-falunapon-1835025\/\" target=\"_blank\" rel=\"noreferrer noopener\"> sikeresen szerepeltek<\/a>.\n A dzsungel k\u00f6nyve c\u00edm\u0171 darab pr\u00f3b\u00e1i tavaly \u0151sszel kezd\u0151dtek Nagy \nAdrienn-nek, az egri G\u00e1rdonyi G\u00e9za Sz\u00ednh\u00e1z sz\u00edn\u00e9szn\u0151j\u00e9nek szakmai \nseg\u00edts\u00e9g\u00e9vel, mentor\u00e1l\u00e1s\u00e1val.<\/p>\n\n\n\n<p>\u2013 A sikeres produkci\u00f3 kitart\u00f3, vid\u00e1m, k\u00f6z\u00f6s munka eredm\u00e9nye \u2013 tudtuk  meg Valyon L\u00e1szl\u00f3 polg\u00e1rmestert\u0151l, aki maga is r\u00e9szt vett a d\u00edszlet  elk\u00e9sz\u00edt\u00e9s\u00e9ben. Az el\u0151ad\u00e1sban nemcsak iv\u00e1di, hanem a k\u00f6rny\u00e9ken \u00e9l\u0151 \u2013  erd\u0151k\u00f6vesdi, p\u00e9terv\u00e1s\u00e1rai, fed\u00e9mesi \u2013 fiatalok is r\u00e9szt vettek. A  jelmezeket a sz\u00fcl\u0151k k\u00e9sz\u00edtett\u00e9k. A f\u0151v\u00e1rosi bemutat\u00f3ra k\u00fcl\u00f6n buszt is  szerveztek a lakoss\u00e1gnak, \u00edgy k\u00f6zel negyven iv\u00e1di is szurkolhatott a  Gobbi Hilda teremben a siker\u00e9rt.<\/p>\n\n\n\n<figure class=\"wp-block-image size-large\"><img loading=\"lazy\" decoding=\"async\" width=\"922\" height=\"692\" src=\"http:\/\/www.ivad.hu\/2016\/wp-content\/uploads\/2020\/02\/ivadiak.jpg\" alt=\"\" class=\"wp-image-795\" srcset=\"http:\/\/www.ivad.hu\/2016\/wp-content\/uploads\/2020\/02\/ivadiak.jpg 922w, http:\/\/www.ivad.hu\/2016\/wp-content\/uploads\/2020\/02\/ivadiak-300x225.jpg 300w, http:\/\/www.ivad.hu\/2016\/wp-content\/uploads\/2020\/02\/ivadiak-768x576.jpg 768w, http:\/\/www.ivad.hu\/2016\/wp-content\/uploads\/2020\/02\/ivadiak-80x60.jpg 80w\" sizes=\"(max-width: 922px) 100vw, 922px\" \/><\/figure>\n\n\n\n<p>Mint azt Szab\u00f3 Editt\u0151l megtudtuk, a sz\u00ednj\u00e1tsz\u00f3 k\u00f6r koroszt\u00e1lya \nvegyes, az \u00e1ltal\u00e1nos iskol\u00e1st\u00f3l a nyugd\u00edjasokig t\u00f6bben is r\u00e9szt \nvettek-vesznek a pr\u00f3b\u00e1kon. A dzsungel k\u00f6nyve musical minden koroszt\u00e1ly \nsz\u00e1m\u00e1ra kit\u0171n\u0151 v\u00e1laszt\u00e1snak bizonyult. Lend\u00fcletes, kit\u0171n\u0151 produkci\u00f3 \nsz\u00fcletett, amelyet bizony\u00e1ra m\u00e9g sokszor, sok helyen bemutatnak a \ncsoport tagjai. A legk\u00f6zelebb febru\u00e1r 2-\u00e1n d\u00e9lut\u00e1n h\u00e1rom \u00f3r\u00e1t\u00f3l \nP\u00e9terv\u00e1s\u00e1r\u00e1n, a m\u0171vel\u0151d\u00e9si h\u00e1zban l\u00e1thatja a k\u00f6z\u00f6ns\u00e9g.<\/p>\n\n\n\n<p>Az idei Pajtasz\u00ednh\u00e1zi programon k\u00e9t napon \u00e1t, k\u00e9t sz\u00ednpadon 19 megye \n19 sz\u00ednj\u00e1tsz\u00f3 csoportja l\u00e9pett fel. T\u00e9rs\u00e9g\u00fck hagyom\u00e1nyaira, szok\u00e1saira, \nt\u00e1jnyelv\u00e9re vagy helyi legend\u00e1ira \u00e9p\u00fcl\u0151 el\u0151ad\u00e1sokat l\u00e1thatott a \nk\u00f6z\u00f6ns\u00e9g, a bety\u00e1rt\u00f6rt\u00e9nett\u0151l a kabar\u00e9tr\u00e9f\u00e1n, n\u00e9psz\u00ednm\u0171v\u00f6n, pajz\u00e1n n\u00e9pi \nkom\u00e9di\u00e1n \u00e9s a mesej\u00e1t\u00e9kon \u00e1t az egyfelvon\u00e1sos dr\u00e1m\u00e1ig terjedt a k\u00edn\u00e1lat.\n A Nemzeti M\u0171vel\u0151d\u00e9si Int\u00e9zet \u00e9s a Magyar Te\u00e1trumi T\u00e1rsas\u00e1g k\u00f6z\u00f6s \nprojektje a Pajtasz\u00ednh\u00e1z Program, amelynek c\u00e9lja, hogy valamennyi megye \negy-egy helys\u00e9g\u00e9ben a m\u00e1r megl\u00e9v\u0151 sz\u00ednj\u00e1tsz\u00f3 hagyom\u00e1nyok nyom\u00e1n \u00faj \nsz\u00ednj\u00e1tsz\u00f3 csoportok j\u00f6jjenek l\u00e9tre.<\/p>\n\n\n\n<p>A programot \u00f6t\u00f6dik \u00e9ve val\u00f3s\u00edtj\u00e1k meg, hogy a telep\u00fcl\u00e9seken az amat\u0151r  sz\u00ednj\u00e1tsz\u00f3 tev\u00e9kenys\u00e9g sz\u00ednes\u00edtse a helyi kultur\u00e1lis \u00e9letet, sz\u00ednh\u00e1zi  \u00e9lm\u00e9nyhez juttass\u00e1k a lakosokat. Sz\u00ednj\u00e1tsz\u00f3 k\u00f6r\u00f6k indul\u00e1s\u00e1t  kezdem\u00e9nyezt\u00e9k \u00e9s szakmailag t\u00e1mogatt\u00e1k ott, ahol a projekt indul\u00e1s\u00e1ig  nem volt, vagy sz\u00fcnetelt ez a fajta tev\u00e9kenys\u00e9g, \u00e1m a k\u00f6zs\u00e9g lakosai \u00e9s  k\u00f6z\u00f6ss\u00e9gei akart\u00e1k, hogy ilyen fajta m\u0171v\u00e9szeti csoportok alakuljanak,  j\u00e1tsszanak.<\/p>\n\n\n\n<p><em><a href=\"https:\/\/www.heol.hu\/kultura\/helyi-kultura\/vastapsot-kaptak-a-nemzeti-szinhazban-az-ivadi-szinjatszok-2192049\/\" target=\"_blank\" rel=\"noreferrer noopener\" aria-label=\"forr\u00e1s: HEOL.hu (\u00faj f\u00fcl\u00f6n nyitja meg)\">forr\u00e1s: HEOL.hu<\/a><\/em><\/p>\n","protected":false},"excerpt":{"rendered":"<p>Az iv\u00e1di H\u00e9tsz\u00ednvir\u00e1g Di\u00e1ksz\u00ednj\u00e1tsz\u00f3 K\u00f6r tagjai fergeteges sikert arattak az elm\u00falt h\u00e9t v\u00e9g\u00e9n Budapesten, a Nemzeti Sz\u00ednh\u00e1zban. Az \u00f6t \u00e9ve m\u0171k\u00f6d\u0151 csapat ez\u00fattal is kitett mag\u00e1\u00e9rt. Az elm\u00falt h\u00e9t v\u00e9g\u00e9n negyedszer rendezt\u00e9k meg Budapesten, a \u00adNemzeti Sz\u00ednh\u00e1zban a Pajtasz\u00ednh\u00e1zi szeml\u00e9t. Heves megy\u00e9t a Nemzeti M\u0171vel\u0151d\u00e9si Int\u00e9zet Heves Megyei Igazgat\u00f3s\u00e1g\u00e1nak felk\u00e9r\u00e9s\u00e9re egy apr\u00f3cska \u00e9szak-hevesi telep\u00fcl\u00e9s, a [&hellip;]<\/p>\n","protected":false},"author":1,"featured_media":796,"comment_status":"open","ping_status":"open","sticky":false,"template":"","format":"standard","meta":{"footnotes":""},"categories":[3],"tags":[34,33,16],"_links":{"self":[{"href":"http:\/\/www.ivad.hu\/2016\/index.php?rest_route=\/wp\/v2\/posts\/793"}],"collection":[{"href":"http:\/\/www.ivad.hu\/2016\/index.php?rest_route=\/wp\/v2\/posts"}],"about":[{"href":"http:\/\/www.ivad.hu\/2016\/index.php?rest_route=\/wp\/v2\/types\/post"}],"author":[{"embeddable":true,"href":"http:\/\/www.ivad.hu\/2016\/index.php?rest_route=\/wp\/v2\/users\/1"}],"replies":[{"embeddable":true,"href":"http:\/\/www.ivad.hu\/2016\/index.php?rest_route=%2Fwp%2Fv2%2Fcomments&post=793"}],"version-history":[{"count":3,"href":"http:\/\/www.ivad.hu\/2016\/index.php?rest_route=\/wp\/v2\/posts\/793\/revisions"}],"predecessor-version":[{"id":798,"href":"http:\/\/www.ivad.hu\/2016\/index.php?rest_route=\/wp\/v2\/posts\/793\/revisions\/798"}],"wp:featuredmedia":[{"embeddable":true,"href":"http:\/\/www.ivad.hu\/2016\/index.php?rest_route=\/wp\/v2\/media\/796"}],"wp:attachment":[{"href":"http:\/\/www.ivad.hu\/2016\/index.php?rest_route=%2Fwp%2Fv2%2Fmedia&parent=793"}],"wp:term":[{"taxonomy":"category","embeddable":true,"href":"http:\/\/www.ivad.hu\/2016\/index.php?rest_route=%2Fwp%2Fv2%2Fcategories&post=793"},{"taxonomy":"post_tag","embeddable":true,"href":"http:\/\/www.ivad.hu\/2016\/index.php?rest_route=%2Fwp%2Fv2%2Ftags&post=793"}],"curies":[{"name":"wp","href":"https:\/\/api.w.org\/{rel}","templated":true}]}}