{"id":856,"date":"2020-06-19T08:47:46","date_gmt":"2020-06-19T08:47:46","guid":{"rendered":"http:\/\/www.ivad.hu\/2016\/?p=856"},"modified":"2020-06-19T08:47:50","modified_gmt":"2020-06-19T08:47:50","slug":"egesz-evben-kotelezo-a-parlagfu-elleni-vedekezes","status":"publish","type":"post","link":"http:\/\/www.ivad.hu\/2016\/?p=856","title":{"rendered":"Eg\u00e9sz \u00e9vben k\u00f6telez\u0151 a parlagf\u0171 elleni v\u00e9dekez\u00e9s"},"content":{"rendered":"\n<p>A parlagf\u0171 (Ambrosia Artemisiifolia) k\u00f6zel 100 \u00e9ve tal\u00e1lhat\u00f3 meg Magyarorsz\u00e1g ter\u00fclet\u00e9n. Az I. vil\u00e1gh\u00e1bor\u00fa idej\u00e9n emberi k\u00f6zvet\u00edt\u00e9ssel \u00c9szak-Amerik\u00e1b\u00f3l jutott el a t\u00f6bbi f\u00f6ldr\u00e9szre. A francia kik\u00f6t\u0151be az 1920-as \u00e9vek elej\u00e9n az Amerik\u00e1b\u00f3l v\u00e1s\u00e1rolt lovakkal \u00e9s azok takarm\u00e1ny\u00e1val \u00e9rkezett. Haz\u00e1nkba a parlagf\u0171 az Osztr\u00e1k-Magyar Monarchia kik\u00f6t\u0151i fel\u0151l fert\u0151z\u00f6tt gabonasz\u00e1ll\u00edtm\u00e1nyokkal ker\u00fclt be.<\/p>\n\n\n\n<p>El\u0151sz\u00f6r D\u00e9l-Somogyban tal\u00e1ltak r\u00e1 1922-ben, ahonnan a kereskedelmi \u00fatvonalak ment\u00e9n terjedt d\u00e9lre, majd \u00e9szak fel\u00e9. Robban\u00e1sszer\u0171 t\u00e9rnyer\u00e9se 1945 ut\u00e1n, a m\u00e1sodik vil\u00e1gh\u00e1bor\u00fat k\u00f6vet\u0151en indult meg.<\/p>\n\n\n\n<p>A parlagf\u0171 egyny\u00e1ri gyomn\u00f6v\u00e9ny, mely magvainak cs\u00edr\u00e1z\u00e1sa 10-20 \u00b0C-os h\u0151m\u00e9rs\u00e9kleten indul meg. A talajm\u0171vel\u00e9s sor\u00e1n m\u00e9lyebb r\u00e9tegekbe ker\u00fclt magok ak\u00e1r 30-40 \u00e9vig is cs\u00edr\u00e1z\u00f3 k\u00e9pesek maradnak, \u00e9s ha egy \u00fajabb talajmozgat\u00e1s a felsz\u00edn k\u00f6zel\u00e9be hozza \u0151ket, akkor n\u00f6veked\u00e9snek indul a n\u00f6v\u00e9ny.<\/p>\n\n\n\n<p>A vir\u00e1gpor sz\u00f3r\u00f3d\u00e1s\u00e1nak legnagyobb t\u00f6mege j\u00falius v\u00e9g\u00e9n \u00e9s augusztus h\u00f3napban t\u00f6rt\u00e9nik meg, ezut\u00e1n kisebb mennyis\u00e9gben eg\u00e9szen a fagyok be\u00e1llt\u00e1ig tart. A vir\u00e1gpor t\u00f6megesen termel\u0151dik, a sz\u00e9l \u00fatj\u00e1n terjed, ak\u00e1r 100 km-es t\u00e1vols\u00e1gra is k\u00e9pes eljutni. A term\u00e9s \u00e9r\u00e9se okt\u00f3ber k\u00f6zepe t\u00e1j\u00e1n kezd\u0151dik.<\/p>\n\n\n\n<p>A parlagf\u0171 utak \u00e9s vas\u00fati s\u00ednek ment\u00e9n, parlagon hagyott ter\u00fcleteken, nem megfelel\u0151en gyomirtott \u00e9s frissen bolygatott f\u00f6ldeken fordul el\u0151. A j\u00f3l be\u00e1llt gyepekbe azonban nem hatol be!<\/p>\n\n\n\n<p>A parlagf\u0171 nagym\u00e9rt\u00e9k\u0171 felszaporod\u00e1s\u00e1nak k\u00f6zeg\u00e9szs\u00e9g\u00fcgyi \u00e9s gazdas\u00e1g-k\u00e1ros\u00edt\u00f3 hat\u00e1sa sz\u00e1mottev\u0151. Haz\u00e1nkban az \u00f6sszlakoss\u00e1g t\u00f6bb mint 20 %-\u00e1t \u00e9rinti a parlagf\u0171 allergia.<\/p>\n\n\n\n<p><strong>Felh\u00edvjuk a tulajdonosok figyelm\u00e9t a parlagf\u0171vel fert\u0151z\u00f6tt ter\u00fcletek mentes\u00edt\u00e9s\u00e9re az allergi\u00e1s megbeteged\u00e9sek elker\u00fcl\u00e9se \u00e9rdek\u00e9ben.<\/strong><\/p>\n\n\n\n<p>A gyomn\u00f6v\u00e9ny elleni v\u00e9dekez\u00e9s f\u0151 c\u00e9lja a parlagf\u0171 vir\u00e1gz\u00e1s\u00e1nak \u00e9s magk\u00e9pz\u00e9s\u00e9nek megakad\u00e1lyoz\u00e1sa, ugyanis a n\u00f6v\u00e9ny pollenje allergi\u00e1s megbeteged\u00e9st okozhat, a ny\u00e1r k\u00f6zeledt\u00e9vel egyre t\u00f6bb panaszt \u00e9s kellemetlens\u00e9get okoz a pollen koncentr\u00e1ci\u00f3j\u00e1nak n\u00f6veked\u00e9se az allergi\u00e1ban szenved\u0151knek.<\/p>\n\n\n\n<p><strong>A gyom irt\u00e1sa, a f\u00f6ldter\u00fcletek parlagf\u0171-mentes\u00edt\u00e9se ez\u00e9rt is t\u00f6rv\u00e9nyileg el\u0151\u00edrt k\u00f6telezetts\u00e9g.<\/strong> <strong>Felh\u00edvjuk az ingatlantulajdonosok \u00e9s a f\u00f6ldhaszn\u00e1l\u00f3k figyelm\u00e9t arra, hogy a vonatkoz\u00f3 jogszab\u00e1lyb\u00f3l t\u00f6r\u00f6lt\u00e9k a j\u00fanius 30. napj\u00e1ra vonatkoz\u00f3 hat\u00e1rid\u0151t, ami azt jelenti, hogy az idei \u00e9vt\u0151l a k\u00f6telezetts\u00e9g eg\u00e9sz \u00e9vre vonatkozik.<\/strong><\/p>\n\n\n\n<p>A parlagf\u0171 mentes\u00edt\u00e9si k\u00f6telezetts\u00e9g mindenkire vonatkozik k\u00fclter\u00fcleti \u00e9s belter\u00fcleti ingatlanok vonatkoz\u00e1s\u00e1ban, illetve mez\u0151gazdas\u00e1gi n\u00f6v\u00e9nyekkel hasznos\u00edtott term\u0151f\u00f6ldekre, utak menti ter\u00fcletekre, belter\u00fcleti kiskertekre, k\u00f6zter\u00fcletekre \u00e9s \u00e9p\u00edt\u00e9si ter\u00fcletekre is.<\/p>\n\n\n\n<p>A v\u00e9dekez\u00e9si k\u00f6telezetts\u00e9g betart\u00e1s\u00e1t a veget\u00e1ci\u00f3s id\u0151szak befejez\u00e9s\u00e9ig k\u00fclter\u00fcleten a korm\u00e1nyhivatal illet\u00e9kes szakemberei, belter\u00fcleten az \u00f6nkorm\u00e1nyzatok \u00e9s a korm\u00e1nyhivatalok munkat\u00e1rsai ellen\u0151rzik. <strong>Amennyiben a f\u00f6ldhaszn\u00e1l\u00f3 nem tesz eleget parlagf\u0171-mentes\u00edt\u00e9si \u00e9s v\u00e9dekez\u00e9si k\u00f6telezetts\u00e9g\u00e9nek, akkor a korm\u00e1nyhivatal k\u00f6z\u00e9rdek\u0171 v\u00e9dekez\u00e9st rendel el, melynek k\u00f6lts\u00e9geit az ingatlan tulajdonos\u00e1nak vagy f\u00f6ldhaszn\u00e1l\u00f3j\u00e1nak kell megfizetnie. Emellett minden esetben n\u00f6v\u00e9nyv\u00e9delmi b\u00edrs\u00e1g ker\u00fcl kiszab\u00e1sra, melynek m\u00e9rt\u00e9ke f\u00fcgg a fert\u0151z\u00f6tt ter\u00fclet nagys\u00e1g\u00e1t\u00f3l \u00e9s a parlagf\u0171 fel\u00fcleti bor\u00edtotts\u00e1g\u00e1t\u00f3l. A b\u00edrs\u00e1g \u00f6sszege 15 ezer forintt\u00f3l 5 milli\u00f3 forintig terjedhet.<\/strong><\/p>\n\n\n\n<p>A parlagf\u0171 pollenhelyzetr\u0151l val\u00f3 t\u00e1j\u00e9koz\u00f3d\u00e1shoz a legmegb\u00edzhat\u00f3bb forr\u00e1s a <a href=\"http:\/\/oki.antsz.hu\/\" target=\"_blank\" rel=\"noreferrer noopener\">http:\/\/oki.antsz.hu\/<\/a> oldalon tal\u00e1lhat\u00f3 hivatalos pollenjelent\u00e9s, amelyet az Orsz\u00e1gos K\u00f6zeg\u00e9szs\u00e9g\u00fcgyi Int\u00e9zet a parlagf\u0171 szezonban naponta friss\u00edt.<\/p>\n\n\n\n<p>Amennyiben b\u00e1rki parlagf\u0171vel fert\u0151z\u00f6tt ter\u00fcletet \u00e9szlel, a <a href=\"https:\/\/pbr.nebih.gov.hu\" target=\"_blank\" rel=\"noreferrer noopener\">https:\/\/pbr.nebih.gov.hu<\/a> honlapon a Parlagf\u0171 Bejelent\u0151 Rendszeren (PBR) kereszt\u00fcl jelezheti.<\/p>\n","protected":false},"excerpt":{"rendered":"<p>A parlagf\u0171 (Ambrosia Artemisiifolia) k\u00f6zel 100 \u00e9ve tal\u00e1lhat\u00f3 meg Magyarorsz\u00e1g ter\u00fclet\u00e9n. Az I. vil\u00e1gh\u00e1bor\u00fa idej\u00e9n emberi k\u00f6zvet\u00edt\u00e9ssel \u00c9szak-Amerik\u00e1b\u00f3l jutott el a t\u00f6bbi f\u00f6ldr\u00e9szre. A francia kik\u00f6t\u0151be az 1920-as \u00e9vek elej\u00e9n az Amerik\u00e1b\u00f3l v\u00e1s\u00e1rolt lovakkal \u00e9s azok takarm\u00e1ny\u00e1val \u00e9rkezett. Haz\u00e1nkba a parlagf\u0171 az Osztr\u00e1k-Magyar Monarchia kik\u00f6t\u0151i fel\u0151l fert\u0151z\u00f6tt gabonasz\u00e1ll\u00edtm\u00e1nyokkal ker\u00fclt be. El\u0151sz\u00f6r D\u00e9l-Somogyban tal\u00e1ltak r\u00e1 1922-ben, [&hellip;]<\/p>\n","protected":false},"author":1,"featured_media":857,"comment_status":"open","ping_status":"open","sticky":false,"template":"","format":"standard","meta":{"footnotes":""},"categories":[3],"tags":[],"_links":{"self":[{"href":"http:\/\/www.ivad.hu\/2016\/index.php?rest_route=\/wp\/v2\/posts\/856"}],"collection":[{"href":"http:\/\/www.ivad.hu\/2016\/index.php?rest_route=\/wp\/v2\/posts"}],"about":[{"href":"http:\/\/www.ivad.hu\/2016\/index.php?rest_route=\/wp\/v2\/types\/post"}],"author":[{"embeddable":true,"href":"http:\/\/www.ivad.hu\/2016\/index.php?rest_route=\/wp\/v2\/users\/1"}],"replies":[{"embeddable":true,"href":"http:\/\/www.ivad.hu\/2016\/index.php?rest_route=%2Fwp%2Fv2%2Fcomments&post=856"}],"version-history":[{"count":1,"href":"http:\/\/www.ivad.hu\/2016\/index.php?rest_route=\/wp\/v2\/posts\/856\/revisions"}],"predecessor-version":[{"id":858,"href":"http:\/\/www.ivad.hu\/2016\/index.php?rest_route=\/wp\/v2\/posts\/856\/revisions\/858"}],"wp:featuredmedia":[{"embeddable":true,"href":"http:\/\/www.ivad.hu\/2016\/index.php?rest_route=\/wp\/v2\/media\/857"}],"wp:attachment":[{"href":"http:\/\/www.ivad.hu\/2016\/index.php?rest_route=%2Fwp%2Fv2%2Fmedia&parent=856"}],"wp:term":[{"taxonomy":"category","embeddable":true,"href":"http:\/\/www.ivad.hu\/2016\/index.php?rest_route=%2Fwp%2Fv2%2Fcategories&post=856"},{"taxonomy":"post_tag","embeddable":true,"href":"http:\/\/www.ivad.hu\/2016\/index.php?rest_route=%2Fwp%2Fv2%2Ftags&post=856"}],"curies":[{"name":"wp","href":"https:\/\/api.w.org\/{rel}","templated":true}]}}