{"id":872,"date":"2020-09-07T13:10:15","date_gmt":"2020-09-07T13:10:15","guid":{"rendered":"http:\/\/www.ivad.hu\/2016\/?p=872"},"modified":"2020-09-07T13:11:20","modified_gmt":"2020-09-07T13:11:20","slug":"agrarcenzus-2020-mezogazdasagi-osszeiras","status":"publish","type":"post","link":"http:\/\/www.ivad.hu\/2016\/?p=872","title":{"rendered":"Agr\u00e1rcenzus 2020 &#8211; mez\u0151gazdas\u00e1gi \u00f6ssze\u00edr\u00e1s"},"content":{"rendered":"\n<p><strong>A K\u00f6zponti Statisztikai Hivatal (KSH) teljes k\u00f6r\u0171 mez\u0151gazdas\u00e1gi \u00f6ssze\u00edr\u00e1st hajt v\u00e9gre \u201eAgr\u00e1rcenzus, 2020\u201d elnevez\u00e9ssel.<\/strong> A felv\u00e9tel c\u00e9lja, hogy nyomon k\u00f6vesse a mez\u0151gazdas\u00e1g szerkezet\u00e9ben bek\u00f6vetkezett v\u00e1ltoz\u00e1sokat, illetve pontos \u00e9s hiteles adatokkal szolg\u00e1ljon a hazai gazdas\u00e1gir\u00e1ny\u00edt\u00e1s, az EU \u00e9s a gazd\u00e1lkod\u00f3k r\u00e9sz\u00e9re, amelyhez az adatszolg\u00e1ltat\u00f3k nagyban hozz\u00e1j\u00e1rulnak r\u00e9szv\u00e9tel\u00fckkel \u00e9s a pontos adatszolg\u00e1ltat\u00e1ssal.<\/p>\n\n\n\n<p>A kialakult j\u00e1rv\u00e1ny\u00fcgyi vesz\u00e9lyhelyzetre val\u00f3 tekintettel, az adatszolg\u00e1ltat\u00f3ink \u00e9s munkat\u00e1rsaink eg\u00e9szs\u00e9g\u00e9nek v\u00e9delm\u00e9t szem el\u0151tt tartva a K\u00f6zponti Statisztikai Hivatal (KSH) \u00f6ssze\u00edr\u00e1sait tal\u00e1lkoz\u00e1smentes csatorn\u00e1kra vezeti \u00e1t. \u00cdgy, a kor\u00e1bbi tervekt\u0151l elt\u00e9r\u0151en, az online kit\u00f6lt\u00e9s idej\u00e9t j\u00fanius 5. \u00e9s j\u00fanius 30., az adatfelv\u00e9tel \u00f6ssze\u00edr\u00e1si feladatait szeptember 19. \u00e9s november 22. k\u00f6z\u00f6tti id\u0151szakokra m\u00f3dos\u00edtotta.<\/p>\n\n\n\n<h2 class=\"has-luminous-vivid-amber-background-color has-background wp-block-heading\">J\u00fanius 30-\u00e1n z\u00e1rult az Agr\u00e1rcenzus, a K\u00f6zponti Statisztikai Hivatal (KSH) mez\u0151gazdas\u00e1gi \u00f6ssze\u00edr\u00e1s\u00e1nak els\u0151 szakasza. <span class=\"has-inline-color has-vivid-red-color\">Azokat, akiknek nem volt lehet\u0151s\u00e9g\u00fck, vagy nem \u00e9ltek a lehet\u0151s\u00e9ggel, \u00f6ssze\u00edr\u00f3k fogj\u00e1k felkeresni szeptember 19. \u00e9s november 22. k\u00f6z\u00f6tt.<\/span><\/h2>\n\n\n\n<h3 class=\"wp-block-heading\">Mi\u00e9rt van sz\u00fcks\u00e9g az \u00f6ssze\u00edr\u00e1sra?<\/h3>\n\n\n\n<p>Az adatgy\u0171jt\u00e9s az EU tag\u00e1llamaiban jogszab\u00e1ly alapj\u00e1n k\u00f6telez\u0151. Tov\u00e1bbi inform\u00e1ci\u00f3k az Eurostat honlapj\u00e1n: <a href=\"https:\/\/ec.europa.eu\/eurostat\/web\/agriculture\/census-2020\" target=\"_blank\" rel=\"noreferrer noopener\">https:\/\/ec.europa.eu\/eurostat\/web\/agriculture\/census-2020<\/a><br><br>Az \u00f6ssze\u00edr\u00e1s c\u00e9lja, hogy j\u00f3 min\u0151s\u00e9g\u0171 statisztikai adatokkal val\u00f3s\u00e1gh\u0171, t\u00e1rgyilagos k\u00e9pet adjon a magyar mez\u0151gazdas\u00e1gr\u00f3l, az \u00e1gazatban bek\u00f6vetkezett v\u00e1ltoz\u00e1sokr\u00f3l, a gazd\u00e1lkod\u00f3k, a versenyszf\u00e9ra, az \u00e1llami, civil szervezetek \u00e9s az uni\u00f3 int\u00e9zm\u00e9nyei sz\u00e1m\u00e1ra.<br>A pontos adatszolg\u00e1ltat\u00e1s nagyon fontos annak \u00e9rdek\u00e9ben, hogy a mez\u0151gazdas\u00e1gi tev\u00e9kenys\u00e9get v\u00e9gz\u0151k \u00e9s \u00e9rdekk\u00e9pviseleteik, tov\u00e1bb\u00e1 a korm\u00e1nyzati d\u00f6nt\u00e9shoz\u00f3k \u2013 a gazd\u00e1lkod\u00f3k \u00e9rdekeit szem el\u0151tt tartva, j\u00f3 min\u0151s\u00e9g\u0171 adatok alapj\u00e1n \u2013 megfelel\u0151en tudj\u00e1k d\u00f6nt\u00e9seiket meghozni, illetve a k\u00fcl\u00f6nb\u00f6z\u0151 hazai \u00e9s EU-szint\u0171 t\u00e1mogat\u00e1spolitik\u00e1kat megtervezni, ezek hat\u00e1s\u00e1t felm\u00e9rni.<\/p>\n\n\n\n<h3 class=\"wp-block-heading\">Milyen adatokat \u00edrunk \u00f6ssze?<\/h3>\n\n\n\n<p><a href=\"http:\/\/www.ksh.hu\/docs\/hun\/info\/02osap\/2020\/kerdoiv\/k202374.pdf\">K\u00e9rd\u0151\u00edv\u00bb<\/a><br>Az EU-jogszab\u00e1ly alapj\u00e1n a k\u00f6vetkez\u0151 adatk\u00f6r\u00f6k \u00f6ssze\u00edr\u00e1sa alapvet\u0151 mutat\u00f3k eset\u00e9ben teljes k\u00f6r\u0171, egyes, \u00fagynevezett modulmutat\u00f3k eset\u00e9ben pedig egy kisebb mint\u00e1n t\u00f6rt\u00e9nik.<br>Alapvet\u0151 adatk\u00f6r\u00f6k: a gazdas\u00e1g azonos\u00edt\u00f3 adatai: n\u00e9v (c\u00e9gn\u00e9v), gazdas\u00e1g t\u00edpusa, a gazdas\u00e1g helye, ir\u00e1ny\u00edt\u00f3j\u00e1nak jellemz\u0151i, egy\u00e9b gazd\u00e1lkod\u00e1ssal kapcsolatban l\u00e9v\u0151 adatb\u00e1zisban nyilv\u00e1ntartott azonos\u00edt\u00f3 adatok; a f\u00f6ldhaszn\u00e1lat m\u0171vel\u00e9si \u00e1gak szerinti jellemz\u0151i, a haszn\u00e1lat jogc\u00edmei; a gazdas\u00e1g n\u00f6v\u00e9nytermeszt\u00e9s\u00e9nek jellemz\u0151i; a gazdas\u00e1g \u00e1llat\u00e1llom\u00e1nya kor \u00e9s ivar szerint;<\/p>\n\n\n\n<p>Modul adatk\u00f6r\u00f6k:a gazdas\u00e1gban munk\u00e1t v\u00e9gz\u0151k jellemz\u0151i; a gazdas\u00e1g egy\u00e9b, nem mez\u0151gazdas\u00e1gi jelleg\u0171 tev\u00e9kenys\u00e9gei; az \u00e1llattart\u00e1s \u00e9p\u00fcletei, tr\u00e1gyakezel\u00e9s; az alkalmazott mez\u0151gazdas\u00e1gi termel\u00e9si m\u00f3dszerek.Az adatszolg\u00e1ltat\u00f3i terhek cs\u00f6kkent\u00e9se \u00e9rdek\u00e9ben a KSH a biogazd\u00e1lkod\u00e1sra \u00e9s a vid\u00e9kfejleszt\u00e9si t\u00e1mogat\u00e1sra vonatkoz\u00f3 inform\u00e1ci\u00f3kat adminisztrat\u00edv adatb\u00e1zisb\u00f3l veszi \u00e1t, \u00edgy azok m\u00e1r nem jelennek meg a k\u00e9rd\u0151\u00edven.<\/p>\n\n\n\n<h3 class=\"wp-block-heading\">Kiket \u00e9rint az \u00f6ssze\u00edr\u00e1s?<\/h3>\n\n\n\n<p>Az \u00f6ssze\u00edr\u00e1s \u00e9rint minden olyan egy\u00e9ni gazdas\u00e1got, amelyek a kor\u00e1bbi adatfelv\u00e9telek \u00e9s\/vagy adminisztrat\u00edv adatok alapj\u00e1n \u00e9rt\u00e9kes\u00edt\u00e9si c\u00e9llal v\u00e9geznek vagy v\u00e9geztek termel\u00e9st. Emellett \u00e9rint valamennyi mez\u0151gazdas\u00e1gi tev\u00e9kenys\u00e9get v\u00e9gz\u0151 gazdas\u00e1gi szervezetet, amelyek adminisztrat\u00edv adatok alapj\u00e1n a KSH mez\u0151gazdas\u00e1gi regiszter\u00e9be ker\u00fcltek.<\/p>\n\n\n\n<h3 class=\"wp-block-heading\">K\u00f6telez\u0151-e a v\u00e1laszad\u00e1s?<\/h3>\n\n\n\n<p>Az adatszolg\u00e1ltat\u00e1s a hivatalos statisztik\u00e1r\u00f3l sz\u00f3l\u00f3 2016. \u00e9vi CLV. t\u00f6rv\u00e9ny 24. \u00e9s 26. \u00a7-a alapj\u00e1n k\u00f6telez\u0151 az adatfelv\u00e9telre kijel\u00f6ltek sz\u00e1m\u00e1ra.<\/p>\n\n\n\n<h3 class=\"wp-block-heading\">Mi\u00e9rt szerepelnek azonos\u00edt\u00f3 adatok el\u0151nyomva a k\u00e9rd\u0151\u00edven, mi\u00e9rt sz\u00fcks\u00e9ges ezek megad\u00e1sa?<\/h3>\n\n\n\n<p>A K\u00f6zponti Statisztikai Hivatal c\u00e9lja, hogy cs\u00f6kkentse az adatszolg\u00e1ltat\u00f3k terheit \u00e9s folyamatosan jav\u00edtsa az adatok min\u0151s\u00e9g\u00e9t. Mindezek \u00e9rdek\u00e9ben fokozottan k\u00edv\u00e1n t\u00e1maszkodni az \u00e1llami nyilv\u00e1ntart\u00e1sok adataira, amelyek seg\u00edts\u00e9g\u00e9vel a k\u00e9rd\u0151\u00edv \u00e9s a v\u00e1laszad\u00e1s hossza a j\u00f6v\u0151ben jelent\u0151sen cs\u00f6kkenthet\u0151. <br>Az adminisztrat\u00edv adatok \u00e1tv\u00e9tel\u00e9t a hivatalos statisztik\u00e1r\u00f3l sz\u00f3l\u00f3 2016. \u00e9vi CLV. t\u00f6rv\u00e9ny (Stt.) teszi lehet\u0151v\u00e9 a KSH sz\u00e1m\u00e1ra, ez alapj\u00e1n vesz \u00e1t adatot t\u00f6bbek k\u00f6z\u00f6tt a Nemzeti \u00c9lelmiszerl\u00e1nc-biztons\u00e1gi Hivatalt\u00f3l, a Magyar \u00c1llamkincst\u00e1rt\u00f3l \u00e9s a Nemzeti Agr\u00e1rgazdas\u00e1gi Kamar\u00e1t\u00f3l is.<br>A KSH a kezel\u00e9s\u00e9ben l\u00e9v\u0151 adat\u00e1llom\u00e1nyokat (a Stt. 41. \u00a7-a alapj\u00e1n) kiz\u00e1r\u00f3lag statisztikai c\u00e9lb\u00f3l, a c\u00e9l el\u00e9r\u00e9s\u00e9hez sz\u00fcks\u00e9ges m\u00e9rt\u00e9kben \u00e9s ideig kapcsolja \u00f6ssze, garant\u00e1lja az adatok biztons\u00e1g\u00e1t.<br>Az \u00f6ssze\u00edrt egyedi adatok kiz\u00e1r\u00f3lag statisztikai c\u00e9lt szolg\u00e1lnak.<\/p>\n\n\n\n<h3 class=\"wp-block-heading\">Milyen inform\u00e1ci\u00f3kat sz\u00fcks\u00e9ges el\u0151k\u00e9sz\u00edteni a k\u00e9rd\u0151\u00edv gyors kit\u00f6lt\u00e9s\u00e9nek \u00e9rdek\u00e9ben?<\/h3>\n\n\n\n<p>a gazd\u00e1lkod\u00e1sra (pl. f\u00f6ldter\u00fclet nagys\u00e1g\u00e1ra, tr\u00e1gy\u00e1z\u00e1sra stb.) vonatkoz\u00f3 nyilv\u00e1ntart\u00e1sokat; a gazdas\u00e1ghoz kapcsol\u00f3d\u00f3 \u00fcgyf\u00e9lazonos\u00edt\u00f3(ka)t, amely(ek)re a Magyar \u00c1llamkincst\u00e1rt\u00f3l agr\u00e1r- \u00e9s vid\u00e9kfejleszt\u00e9si t\u00e1mogat\u00e1st ig\u00e9nyelt(ek); az \u0151stermel\u0151i igazolv\u00e1ny(oka)t; a Nemzeti Agr\u00e1rgazdas\u00e1gi Kamarai azonos\u00edt\u00f3(ka)t.<\/p>\n\n\n\n<h3 class=\"wp-block-heading\">Hogyan \u00e9s mikor t\u00f6rt\u00e9nik az adatfelv\u00e9tel?<\/h3>\n\n\n\n<p>Az \u00f6ssze\u00edr\u00e1s teljes m\u00e9rt\u00e9kben elektronikus: online fel\u00fcleten, illetve \u00f6ssze\u00edr\u00f3i tableteken t\u00f6rt\u00e9nik.<br>A gazdas\u00e1gi szervezeteknek, a KSH r\u00e9sz\u00e9re ny\u00fajtott t\u00f6bbi adatszolg\u00e1ltat\u00e1sukhoz hasonl\u00f3an a KSH-Elektra rendszer\u00e9ben kell a k\u00e9rd\u0151\u00edvet kit\u00f6lteni 2020. j\u00fanius 5. \u00e9s j\u00fanius 30. k\u00f6z\u00f6tt.<br>A kiemelt egy\u00e9ni gazdas\u00e1gok a r\u00e9sz\u00fckre megk\u00fcld\u00f6tt t\u00e1j\u00e9koztat\u00f3lev\u00e9l alapj\u00e1n kiz\u00e1r\u00f3lag webes fel\u00fcleten t\u00f6rt\u00e9n\u0151 \u00f6n\u00e1ll\u00f3 kit\u00f6lt\u00e9ssel szolg\u00e1ltatnak adatot, szint\u00e9n j\u00fanius 5-30. k\u00f6z\u00f6tti id\u0151szakban.<br>A nem kiemelt egy\u00e9ni gazd\u00e1lkod\u00f3knak is van lehet\u0151s\u00e9g\u00fck 2020. j\u00fanius 5. \u00e9s 30. k\u00f6z\u00f6tt az adatok elektronikus felvitel\u00e9re. Akik \u00e9lnek ezzel a lehet\u0151s\u00e9ggel, azokat az \u00f6ssze\u00edr\u00f3k m\u00e1r nem keresik fel 2020. szeptember 19. \u00e9s november 22. k\u00f6z\u00f6tt. Az \u0151szi id\u0151szakban az \u00f6ssze\u00edr\u00f3k a gazd\u00e1lkod\u00f3k felkeres\u00e9s\u00e9vel, kik\u00e9rdez\u00e9ses m\u00f3dszerrel, tableten v\u00e9gzik majd a k\u00e9rd\u0151\u00edv kit\u00f6lt\u00e9s\u00e9t.<\/p>\n\n\n\n<h3 class=\"wp-block-heading\">Mi az a gazdas\u00e1gk\u00fcsz\u00f6b?<\/h3>\n\n\n\n<p>A gazdas\u00e1gk\u00fcsz\u00f6b egy meghat\u00e1rozott hat\u00e1r\u00e9rt\u00e9k bizonyos mutat\u00f3kra, amelyet el\u00e9rve az egy\u00e9ni gazd\u00e1lkod\u00f3knak k\u00e9rd\u0151\u00edvet kell kit\u00f6lteni. A k\u00e9rd\u0151\u00edv elej\u00e9n egyszer\u0171 k\u00e9rd\u00e9sekkel (pl. term\u0151ter\u00fclet \u00e9s \u00e1llat\u00e1llom\u00e1ny nagys\u00e1ga, v\u00e9gez-e mez\u0151gazdas\u00e1gi szolg\u00e1ltat\u00e1st) vizsg\u00e1ljuk, hogy a gazdas\u00e1g m\u00e9rete meghaladja-e a k\u00fcsz\u00f6b\u00f6t. Ha igen, akkor sor ker\u00fcl a teljes k\u00e9rd\u0151\u00edv kik\u00e9rdez\u00e9s\u00e9re, amennyiben nem, \u00fagy az v\u00e9get \u00e9r.<\/p>\n\n\n\n<h3 class=\"wp-block-heading\">Mi az \u00f6ssze\u00edr\u00e1s jogi h\u00e1ttere?<\/h3>\n\n\n\n<p><a href=\"https:\/\/eur-lex.europa.eu\/legal-content\/hu\/TXT\/?uri=CELEX%3A32018R1091\" target=\"_blank\" rel=\"noreferrer noopener\">AZ EUR\u00d3PAI PARLAMENT \u00c9S A TAN\u00c1CS (EU) 2018\/1091 RENDELETE az integr\u00e1lt mez\u0151gazdas\u00e1gi statisztik\u00e1kr\u00f3l<\/a><br><a href=\"https:\/\/eur-lex.europa.eu\/legal-content\/HU\/TXT\/?uri=CELEX:32018R1874\" target=\"_blank\" rel=\"noreferrer noopener\">A BIZOTTS\u00c1G (EU) 2018\/1874 V\u00c9GREHAJT\u00c1SI RENDELETE az integr\u00e1lt mez\u0151gazdas\u00e1gi statisztik\u00e1kr\u00f3l<\/a><br><a href=\"http:\/\/www.ksh.hu\/statisztikai_jogszabalyok\">2016. \u00c9VI CLV. T\u00d6RV\u00c9NY a hivatalos statisztik\u00e1r\u00f3l<\/a><br><a href=\"http:\/\/www.ksh.hu\/statisztikai_jogszabalyok\">184\/2017. (VII. 5.) KORM. RENDELET \u2013 a hivatalos statisztik\u00e1r\u00f3l sz\u00f3l\u00f3 2016. \u00e9vi CLV. t\u00f6rv\u00e9ny v\u00e9grehajt\u00e1s\u00e1r\u00f3l<\/a><\/p>\n\n\n\n<h3 class=\"wp-block-heading\">Mikor jelennek meg az \u00f6ssze\u00edr\u00e1s adatai?<\/h3>\n\n\n\n<p>Az \u201eAgr\u00e1rcenzus, 2020\u201d el\u0151zetes adatait 2021 tavasz\u00e1n tervezz\u00fck megjelentetni. <br>A v\u00e9gleges \u00e9s r\u00e9szletes, bizonyos mutat\u00f3k eset\u00e9n telep\u00fcl\u00e9sszint\u0171 adatok el\u0151rel\u00e1that\u00f3lag 2021 v\u00e9g\u00e9n lesznek el\u00e9rhet\u0151ek a KSH honlapj\u00e1n.<br>Adatszolg\u00e1ltat\u00f3ink a k\u00e9rd\u0151\u00edven jelezhetik, ha az adatok, elemz\u00e9sek megjelen\u00e9s\u00e9r\u0151l szeretn\u00e9nek azonnal \u00e9rtes\u00edt\u00e9st kapni.<br>A 2020-as cenzus sor\u00e1n <a rel=\"noreferrer noopener\" href=\"http:\/\/www.ksh.hu\/docs\/hun\/agrar\/gazdasagkuszob_modositasa_2020.pdf\" target=\"_blank\">v\u00e1ltozik a gazdas\u00e1gk\u00fcsz\u00f6b<\/a>. A 2020. \u00e9vben gy\u0171jt\u00f6tt adatok \u00f6sszehasonl\u00edthat\u00f3s\u00e1ga \u00e9rdek\u00e9ben a KSH \u00fajrasz\u00e1m\u00edtotta az \u00faj gazdas\u00e1gk\u00fcsz\u00f6bbel a 2010. \u00e9vi teljes k\u00f6r\u0171, tov\u00e1bb\u00e1 a 2013. \u00e9s a 2016. \u00e9vi gazdas\u00e1gszerkezeti \u00f6ssze\u00edr\u00e1sok adatait, melyek <a rel=\"noreferrer noopener\" href=\"http:\/\/www.ksh.hu\/docs\/hun\/agrar\/agrar_adatok_2010_2013_2016.xlsx\" target=\"_blank\">Excel-t\u00e1bl\u00e1zatai el\u00e9rhet\u0151k<\/a>.<\/p>\n\n\n\n<h3 class=\"wp-block-heading\">Az \u00f6ssze\u00edr\u00e1ssal kapcsolatban kit\u0151l k\u00e9rdezhetek?<\/h3>\n\n\n\n<p>Munkat\u00e1rsaink el\u00e9rhet\u0151s\u00e9ge itt tal\u00e1lhat\u00f3: <a href=\"http:\/\/www.ksh.hu\/munkatarsak_elerhetosegei_2020#o2374\">http:\/\/www.ksh.hu\/munkatarsak_elerhetosegei_2020<\/a> (Nyilv\u00e1ntart\u00e1si sz\u00e1m: 2374)<br>Ingyenesen h\u00edvhat\u00f3 z\u00f6ld sz\u00e1m: 06 80 200 766 (2-es men\u00fcpont, majd a 2374-es nyilv\u00e1ntart\u00e1si sz\u00e1m megnyom\u00e1s\u00e1val k\u00e9rjen \u00fcgyint\u00e9z\u0151t)<br>E-mail c\u00edm: <a href=\"mailto:agrarcenzus2020@ksh.hu\">agrarcenzus2020@ksh.hu<\/a><\/p>\n\n\n\n<h3 class=\"wp-block-heading\">Hogyan gy\u0151z\u0151dhetek meg arr\u00f3l, hogy val\u00f3ban \u00f6ssze\u00edr\u00f3 keresett fel?<\/h3>\n\n\n\n<p>Az \u00f6ssze\u00edr\u00f3k k\u00f6telesek a kik\u00e9rdez\u00e9s megkezd\u00e9se el\u0151tt azonos\u00edtani magukat az \u00f6ssze\u00edr\u00f3i igazolv\u00e1ny \u00e9s szem\u00e9lyazonos\u00edt\u00f3 igazolv\u00e1nyuk egyidej\u0171 felmutat\u00e1s\u00e1val.<br>Lehet\u0151s\u00e9g van azonban arra is, hogy a KSH telefonos megkeres\u00e9st k\u00f6vet\u0151en meger\u0151s\u00edtse az \u00f6ssze\u00edr\u00f3 szem\u00e9lyazonoss\u00e1g\u00e1t.<\/p>\n\n\n\n<h3 class=\"wp-block-heading\">Hol kaphatok tov\u00e1bbi inform\u00e1ci\u00f3t a mez\u0151gazdas\u00e1gi \u00f6ssze\u00edr\u00e1sokr\u00f3l?<\/h3>\n\n\n\n<p>Az \u00f6ssze\u00edr\u00e1s r\u00e9szleteir\u0151l a <a rel=\"noreferrer noopener\" href=\"http:\/\/www.ksh.hu\/agrarcenzusok_agrarium_2020\" target=\"_blank\">http:\/\/www.ksh.hu\/agrarcenzusok_agrarium_2020<\/a> oldalon lehet b\u0151vebb t\u00e1j\u00e9koztat\u00e1st nyerni.<br>Az \u00f6ssze\u00edr\u00e1s alatt szakmai \u00e9s informatikai probl\u00e9m\u00e1k kezel\u00e9s\u00e9re call centert m\u0171k\u00f6dtet\u00fcnk. K\u00e9rd\u00e9s\u00e9t pedig ak\u00e1r m\u00e1r most is elk\u00fcldheti az <a href=\"mailto:agrarcenzus2020@ksh.hu\">agrarcenzus2020@ksh.hu<\/a> email c\u00edmre.<\/p>\n\n\n\n<h3 class=\"wp-block-heading\">Hogyan biztos\u00edtott adataim megfelel\u0151 v\u00e9delme?<\/h3>\n\n\n\n<p>Az \u00f6sszegy\u0171jt\u00f6tt adatokat bizalmasan kezelj\u00fck, azokat kiz\u00e1r\u00f3lag statisztikai c\u00e9lokra haszn\u00e1ljuk fel.<br>Az adminisztrat\u00edv adatok \u00e1tv\u00e9tel\u00e9re a <a href=\"http:\/\/www.ksh.hu\/docs\/bemutatkozas\/hun\/altalanos_adatkezelesi_tajekoztato.pdf\">KSH \u00c1ltal\u00e1nos Adatkezel\u00e9si T\u00e1j\u00e9koztat\u00f3j\u00e1nak<\/a> 2.1.2. alpontja az ir\u00e1nyad\u00f3.<br>Az adatgy\u0171jt\u00e9s nem terjed ki a szem\u00e9lyes adatokra. Egy\u00e9ni v\u00e1llalkoz\u00f3 \u00e9s \u0151stermel\u0151 eset\u00e9n a n\u00e9v, lakc\u00edm azonban meg\u0151rzi term\u00e9szetes jelleg\u00e9t, ahogyan a kapcsolattart\u00e1sra megadott adatok (telefonsz\u00e1m, e-mail-c\u00edm) is, ha azok kifejezetten term\u00e9szetes szem\u00e9lyhez k\u00f6t\u0151dnek.<br>Az \u00f6ssze\u00edr\u00e1shoz kapcsol\u00f3dik nyerem\u00e9nyj\u00e1t\u00e9k is. Ezen inform\u00e1ci\u00f3kra a <a href=\"http:\/\/www.ksh.hu\/docs\/bemutatkozas\/hun\/altalanos_adatkezelesi_tajekoztato.pdf\">KSH \u00c1ltal\u00e1nos Adatkezel\u00e9si T\u00e1j\u00e9koztat\u00f3j\u00e1nak<\/a> 2.4. \u00e9s 2.15. pontjai az ir\u00e1nyad\u00f3k. A nyerem\u00e9nyj\u00e1t\u00e9kkal kapcsolatos egy\u00e9b r\u00e9szletszab\u00e1lyokat a sorsol\u00e1si szab\u00e1lyzat tartalmazza.<\/p>\n","protected":false},"excerpt":{"rendered":"<p>A K\u00f6zponti Statisztikai Hivatal (KSH) teljes k\u00f6r\u0171 mez\u0151gazdas\u00e1gi \u00f6ssze\u00edr\u00e1st hajt v\u00e9gre \u201eAgr\u00e1rcenzus, 2020\u201d elnevez\u00e9ssel. <\/p>\n","protected":false},"author":1,"featured_media":873,"comment_status":"open","ping_status":"open","sticky":false,"template":"","format":"standard","meta":{"footnotes":""},"categories":[3],"tags":[34,38],"_links":{"self":[{"href":"http:\/\/www.ivad.hu\/2016\/index.php?rest_route=\/wp\/v2\/posts\/872"}],"collection":[{"href":"http:\/\/www.ivad.hu\/2016\/index.php?rest_route=\/wp\/v2\/posts"}],"about":[{"href":"http:\/\/www.ivad.hu\/2016\/index.php?rest_route=\/wp\/v2\/types\/post"}],"author":[{"embeddable":true,"href":"http:\/\/www.ivad.hu\/2016\/index.php?rest_route=\/wp\/v2\/users\/1"}],"replies":[{"embeddable":true,"href":"http:\/\/www.ivad.hu\/2016\/index.php?rest_route=%2Fwp%2Fv2%2Fcomments&post=872"}],"version-history":[{"count":3,"href":"http:\/\/www.ivad.hu\/2016\/index.php?rest_route=\/wp\/v2\/posts\/872\/revisions"}],"predecessor-version":[{"id":876,"href":"http:\/\/www.ivad.hu\/2016\/index.php?rest_route=\/wp\/v2\/posts\/872\/revisions\/876"}],"wp:featuredmedia":[{"embeddable":true,"href":"http:\/\/www.ivad.hu\/2016\/index.php?rest_route=\/wp\/v2\/media\/873"}],"wp:attachment":[{"href":"http:\/\/www.ivad.hu\/2016\/index.php?rest_route=%2Fwp%2Fv2%2Fmedia&parent=872"}],"wp:term":[{"taxonomy":"category","embeddable":true,"href":"http:\/\/www.ivad.hu\/2016\/index.php?rest_route=%2Fwp%2Fv2%2Fcategories&post=872"},{"taxonomy":"post_tag","embeddable":true,"href":"http:\/\/www.ivad.hu\/2016\/index.php?rest_route=%2Fwp%2Fv2%2Ftags&post=872"}],"curies":[{"name":"wp","href":"https:\/\/api.w.org\/{rel}","templated":true}]}}