{"id":894,"date":"2021-10-04T09:02:00","date_gmt":"2021-10-04T09:02:00","guid":{"rendered":"http:\/\/www.ivad.hu\/2016\/?p=894"},"modified":"2021-10-05T08:47:09","modified_gmt":"2021-10-05T08:47:09","slug":"bursa-hungarica-2021","status":"publish","type":"post","link":"http:\/\/www.ivad.hu\/2016\/?p=894","title":{"rendered":"Bursa Hungarica 2022"},"content":{"rendered":"\n<p>Az Emberi Er\u0151forr\u00e1sok Miniszt\u00e9riuma megb\u00edz\u00e1s\u00e1b\u00f3l az Emberi Er\u0151forr\u00e1s T\u00e1mogat\u00e1skezel\u0151 <strong>ny\u00edlt p\u00e1ly\u00e1zat<\/strong> keret\u00e9ben meghirdeti a Bursa Hungarica Fels\u0151oktat\u00e1si \u00d6nkorm\u00e1nyzati \u00d6szt\u00f6nd\u00edjp\u00e1ly\u00e1zatot <strong>fels\u0151oktat\u00e1si tanulm\u00e1nyokat kezdeni k\u00edv\u00e1n\u00f3, \u00e9s tanulm\u00e1nyaikat folytat\u00f3 fiatalok<\/strong> sz\u00e1m\u00e1ra.<\/p>\n\n\n\n<p>A p\u00e1ly\u00e1zat beny\u00fajt\u00e1s\u00e1nak hat\u00e1rideje:<strong> 2021. november 5.<br>&nbsp;<\/strong><br>Az al\u00e1bbiakban el\u00e9rhet\u0151 a felh\u00edv\u00e1s \u00e9s mell\u00e9kletei:<\/p>\n\n\n\n<p>A felh\u00edv\u00e1s k\u00f3dja: <a href=\"https:\/\/emet.gov.hu\/bursa-2022-a-felhivas-palyazok-reszere\/\" target=\"_blank\" rel=\"noreferrer noopener\">BURSA-2022 A<\/a><br>A felh\u00edv\u00e1s k\u00f3dja: <a href=\"https:\/\/emet.gov.hu\/bursa-2022-b-felhivas-palyazok-reszere\/\" target=\"_blank\" rel=\"noreferrer noopener\">BURSA-2022 B<\/a><\/p>\n","protected":false},"excerpt":{"rendered":"<p>Az Emberi Er\u0151forr\u00e1sok Miniszt\u00e9riuma megb\u00edz\u00e1s\u00e1b\u00f3l az Emberi Er\u0151forr\u00e1s T\u00e1mogat\u00e1skezel\u0151 ny\u00edlt p\u00e1ly\u00e1zat keret\u00e9ben meghirdeti a Bursa Hungarica Fels\u0151oktat\u00e1si \u00d6nkorm\u00e1nyzati \u00d6szt\u00f6nd\u00edjp\u00e1ly\u00e1zatot fels\u0151oktat\u00e1si tanulm\u00e1nyokat kezdeni k\u00edv\u00e1n\u00f3, \u00e9s tanulm\u00e1nyaikat folytat\u00f3 fiatalok sz\u00e1m\u00e1ra. A p\u00e1ly\u00e1zat beny\u00fajt\u00e1s\u00e1nak hat\u00e1rideje: 2021. november 5.&nbsp;Az al\u00e1bbiakban el\u00e9rhet\u0151 a felh\u00edv\u00e1s \u00e9s mell\u00e9kletei: A felh\u00edv\u00e1s k\u00f3dja: BURSA-2022 AA felh\u00edv\u00e1s k\u00f3dja: BURSA-2022 B<\/p>\n","protected":false},"author":1,"featured_media":895,"comment_status":"open","ping_status":"open","sticky":false,"template":"","format":"standard","meta":{"footnotes":""},"categories":[3],"tags":[],"_links":{"self":[{"href":"http:\/\/www.ivad.hu\/2016\/index.php?rest_route=\/wp\/v2\/posts\/894"}],"collection":[{"href":"http:\/\/www.ivad.hu\/2016\/index.php?rest_route=\/wp\/v2\/posts"}],"about":[{"href":"http:\/\/www.ivad.hu\/2016\/index.php?rest_route=\/wp\/v2\/types\/post"}],"author":[{"embeddable":true,"href":"http:\/\/www.ivad.hu\/2016\/index.php?rest_route=\/wp\/v2\/users\/1"}],"replies":[{"embeddable":true,"href":"http:\/\/www.ivad.hu\/2016\/index.php?rest_route=%2Fwp%2Fv2%2Fcomments&post=894"}],"version-history":[{"count":3,"href":"http:\/\/www.ivad.hu\/2016\/index.php?rest_route=\/wp\/v2\/posts\/894\/revisions"}],"predecessor-version":[{"id":949,"href":"http:\/\/www.ivad.hu\/2016\/index.php?rest_route=\/wp\/v2\/posts\/894\/revisions\/949"}],"wp:featuredmedia":[{"embeddable":true,"href":"http:\/\/www.ivad.hu\/2016\/index.php?rest_route=\/wp\/v2\/media\/895"}],"wp:attachment":[{"href":"http:\/\/www.ivad.hu\/2016\/index.php?rest_route=%2Fwp%2Fv2%2Fmedia&parent=894"}],"wp:term":[{"taxonomy":"category","embeddable":true,"href":"http:\/\/www.ivad.hu\/2016\/index.php?rest_route=%2Fwp%2Fv2%2Fcategories&post=894"},{"taxonomy":"post_tag","embeddable":true,"href":"http:\/\/www.ivad.hu\/2016\/index.php?rest_route=%2Fwp%2Fv2%2Ftags&post=894"}],"curies":[{"name":"wp","href":"https:\/\/api.w.org\/{rel}","templated":true}]}}