{"id":944,"date":"2021-08-24T10:39:27","date_gmt":"2021-08-24T10:39:27","guid":{"rendered":"https:\/\/www.ivad.hu\/2016\/?p=944"},"modified":"2021-08-24T10:39:30","modified_gmt":"2021-08-24T10:39:30","slug":"lakossagi-riaszto-eszkozok-probaja","status":"publish","type":"post","link":"http:\/\/www.ivad.hu\/2016\/?p=944","title":{"rendered":"Lakoss\u00e1gi riaszt\u00f3 eszk\u00f6z\u00f6k pr\u00f3b\u00e1ja"},"content":{"rendered":"\n<p>T\u00e1j\u00e9koztatom a tisztelt lakoss\u00e1got, hogy <strong>Iv\u00e1d <\/strong>telep\u00fcl\u00e9s ter\u00fclet\u00e9n<strong> 2021. szeptember 3-\u00e1n<\/strong> a lakoss\u00e1gi riaszt\u00f3, \u2013t\u00e1j\u00e9koztat\u00f3 (r\u00e9gi nev\u00e9n l\u00e9gv\u00e9delmi szir\u00e9na) eszk\u00f6z\u00f6k \u00fagynevezett \u201emorgat\u00f3\u201d pr\u00f3b\u00e1j\u00e1t tartja az Egri Katasztr\u00f3fav\u00e9delmi Kirendelts\u00e9g, amelynek kellemetlens\u00e9gei\u00e9rt el\u0151re is k\u00e9rik a lakoss\u00e1g meg\u00e9rt\u00e9s\u00e9t. Az ellen\u0151rz\u00e9s sor\u00e1n a szir\u00e9na m\u0171k\u00f6dtet\u00e9sre ker\u00fcl, mely r\u00f6vid ideig tart\u00f3 hanghat\u00e1ssal j\u00e1r.<\/p>\n\n\n\n<p>A telep\u00fcl\u00e9s ter\u00fclet\u00e9n l\u00e9v\u0151 lakoss\u00e1gi riaszt\u00f3, t\u00e1j\u00e9koztat\u00f3 eszk\u00f6z\u00f6k meghat\u00e1rozott hangjelz\u00e9sek lead\u00e1s\u00e1ra k\u00e9pesek, melyekkel sz\u00fcks\u00e9g eset\u00e9n figyelmeztethetik a lakoss\u00e1got egy katasztr\u00f3f\u00e1ra vagy vesz\u00e9lyhelyzetre. A szir\u00e9n\u00e1k \u201emorgat\u00f3\u201d \u2013 felfut\u00f3 hangjelz\u00e9s 6 m\u00e1sodpercen kereszt\u00fcli \u2013 pr\u00f3b\u00e1j\u00e1nak c\u00e9lja, ellen\u0151rizni az eszk\u00f6z\u00f6k \u00e1llapot\u00e1t \u00e9s, megvizsg\u00e1lni m\u0171k\u00f6d\u0151k\u00e9pess\u00e9g\u00e9t. A pr\u00f3ba sor\u00e1n kiadott jelz\u00e9seket kiz\u00e1r\u00f3lag m\u0171szaki ellen\u0151rz\u00e9s c\u00e9lj\u00e1b\u00f3l adj\u00e1k le \u00e9s semmilyen vesz\u00e9ly bek\u00f6vetkezt\u00e9t sem jelzik, a lakoss\u00e1g a r\u00e9sz\u00e9r\u0151l semmif\u00e9le teend\u0151 nem sz\u00fcks\u00e9ges.<\/p>\n\n\n\n<p>A katasztr\u00f3fav\u00e9delem \u00e9s az \u00e1ramszolg\u00e1ltat\u00f3 szakemberei a telep\u00fcl\u00e9sen tal\u00e1lhat\u00f3 valamennyi szir\u00e9n\u00e1t leellen\u0151rizik. Minden kapcsol\u00f3szekr\u00e9ny\u00e9hez odamennek, a speci\u00e1lis kulccsal felnyitj\u00e1k \u00e9s m\u0171k\u00f6d\u00e9sbe hozz\u00e1k a k\u00e9sz\u00fcl\u00e9keket. A pr\u00f3b\u00e1k a telep\u00fcl\u00e9sen \u00e9s a k\u00f6rnyez\u0151 telep\u00fcl\u00e9seken el\u0151re meghat\u00e1rozott terv alapj\u00e1n folyamatosan zajlanak. Egy bek\u00f6vetkezett, vagy el\u0151re jelzett katasztr\u00f3fa eset\u00e9n a hat\u00f3s\u00e1gok ezekkel az eszk\u00f6z\u00f6kkel is riasztj\u00e1k az \u00e1llampolg\u00e1rokat, \u00edgy fontos tudni, hogy hol sz\u00f3lalnak meg, illetve sz\u00fcks\u00e9ges e az eszk\u00f6z esetleges jav\u00edt\u00e1sa.<\/p>\n\n\n\n<p>A szir\u00e9n\u00e1k \u00fczempr\u00f3b\u00e1j\u00e1nak v\u00e9grehajt\u00e1sa a lakoss\u00e1g v\u00e9delm\u00e9t \u00e9s biztons\u00e1g\u00e1t szolg\u00e1lja.<\/p>\n\n\n\n<p>Tisztelettel:<\/p>\n\n\n\n<p>Valyon L\u00e1szl\u00f3 &#8211; polg\u00e1rmester<\/p>\n","protected":false},"excerpt":{"rendered":"<p>T\u00e1j\u00e9koztatom a tisztelt lakoss\u00e1got, hogy Iv\u00e1d telep\u00fcl\u00e9s ter\u00fclet\u00e9n 2021. szeptember 3-\u00e1n a lakoss\u00e1gi riaszt\u00f3, \u2013t\u00e1j\u00e9koztat\u00f3 (r\u00e9gi nev\u00e9n l\u00e9gv\u00e9delmi szir\u00e9na) eszk\u00f6z\u00f6k \u00fagynevezett \u201emorgat\u00f3\u201d pr\u00f3b\u00e1j\u00e1t tartja az Egri Katasztr\u00f3fav\u00e9delmi Kirendelts\u00e9g, amelynek kellemetlens\u00e9gei\u00e9rt el\u0151re is k\u00e9rik a lakoss\u00e1g meg\u00e9rt\u00e9s\u00e9t. Az ellen\u0151rz\u00e9s sor\u00e1n a szir\u00e9na m\u0171k\u00f6dtet\u00e9sre ker\u00fcl, mely r\u00f6vid ideig tart\u00f3 hanghat\u00e1ssal j\u00e1r. A telep\u00fcl\u00e9s ter\u00fclet\u00e9n l\u00e9v\u0151 lakoss\u00e1gi riaszt\u00f3, [&hellip;]<\/p>\n","protected":false},"author":1,"featured_media":945,"comment_status":"open","ping_status":"open","sticky":false,"template":"","format":"standard","meta":{"footnotes":""},"categories":[3],"tags":[],"_links":{"self":[{"href":"http:\/\/www.ivad.hu\/2016\/index.php?rest_route=\/wp\/v2\/posts\/944"}],"collection":[{"href":"http:\/\/www.ivad.hu\/2016\/index.php?rest_route=\/wp\/v2\/posts"}],"about":[{"href":"http:\/\/www.ivad.hu\/2016\/index.php?rest_route=\/wp\/v2\/types\/post"}],"author":[{"embeddable":true,"href":"http:\/\/www.ivad.hu\/2016\/index.php?rest_route=\/wp\/v2\/users\/1"}],"replies":[{"embeddable":true,"href":"http:\/\/www.ivad.hu\/2016\/index.php?rest_route=%2Fwp%2Fv2%2Fcomments&post=944"}],"version-history":[{"count":1,"href":"http:\/\/www.ivad.hu\/2016\/index.php?rest_route=\/wp\/v2\/posts\/944\/revisions"}],"predecessor-version":[{"id":946,"href":"http:\/\/www.ivad.hu\/2016\/index.php?rest_route=\/wp\/v2\/posts\/944\/revisions\/946"}],"wp:featuredmedia":[{"embeddable":true,"href":"http:\/\/www.ivad.hu\/2016\/index.php?rest_route=\/wp\/v2\/media\/945"}],"wp:attachment":[{"href":"http:\/\/www.ivad.hu\/2016\/index.php?rest_route=%2Fwp%2Fv2%2Fmedia&parent=944"}],"wp:term":[{"taxonomy":"category","embeddable":true,"href":"http:\/\/www.ivad.hu\/2016\/index.php?rest_route=%2Fwp%2Fv2%2Fcategories&post=944"},{"taxonomy":"post_tag","embeddable":true,"href":"http:\/\/www.ivad.hu\/2016\/index.php?rest_route=%2Fwp%2Fv2%2Ftags&post=944"}],"curies":[{"name":"wp","href":"https:\/\/api.w.org\/{rel}","templated":true}]}}